{"id":6868,"date":"2023-05-04T12:24:10","date_gmt":"2023-05-04T12:24:10","guid":{"rendered":"https:\/\/catedralbcn.org\/?p=6868"},"modified":"2023-05-09T13:43:07","modified_gmt":"2023-05-09T13:43:07","slug":"may-17th-33nd-cycle-of-organ-concerts","status":"publish","type":"post","link":"https:\/\/catedralbcn.org\/en\/may-17th-33nd-cycle-of-organ-concerts\/","title":{"rendered":"May, 17th | 33nd Cycle of Organ Concerts"},"content":{"rendered":"<p><strong>33nd cycle of Organ Concerts<\/strong><\/p>\n<ul>\n<li>17 may<\/li>\n<li>20:00h<\/li>\n<li><em>Organist<\/em>: Enrique Mart\u00edn Laguna, first prize in the Burgos National Organ Competition. He is the titular organist of the Getafe Cathedral and professor at the Rafael Fr\u00fchbeck Conservatory in Burgos..<\/li>\n<li><em>Organize<\/em>: Excm. Cap\u00edtol de la Catedral<\/li>\n<li><em>Artistic director of the cycle<\/em>: Juan de la Rubia<\/li>\n<li>\u00a0Program:\n<ul>\n<li>Dalt del cel\n<ul>\n<li>Johann Sebastian Bach (1685-1750)<br \/>\nPreludi i fuga en Re, BWV 532<br \/>\nAllein Gott in der H\u00f6h sei Ehr, BWV 662<\/li>\n<li>Olivier Messiaen (1908 &#8211; 1992)<br \/>\nJoie et clart\u00e9 des corps glorieux<br \/>\n(Les Corps Glorieux, VI)<\/li>\n<li>Johann Sebastian Bach<br \/>\nAllein Gott in der H\u00f6h sei Ehr, BWV 711<\/li>\n<li>Marcel Dupr\u00e9 (1886 &#8211; 1971)<br \/>\nPreludi i fuga en sol menor, op.7 no3<\/li>\n<li>Johann Sebastian Bach<br \/>\nAllein Gott in der H\u00f6h sei Ehr, BWV 717<\/li>\n<li>Hans-Andr\u00e9 Stamm (1958)<br \/>\nHymne gis-moll<\/li>\n<li>Jehan Alain (1911-1940)<br \/>\nLitanies, JA 119<\/li>\n<\/ul>\n<\/li>\n<\/ul>\n<\/li>\n<\/ul>\n<p><img decoding=\"async\" class=\"alignnone  wp-image-6886\" src=\"https:\/\/catedralbcn.org\/wp-content\/uploads\/2023\/04\/Concert-Orgue-Cicle-XXXIII-MAIG-.jpg\" alt=\"\" width=\"697\" height=\"494\" srcset=\"https:\/\/catedralbcn.org\/wp-content\/uploads\/2023\/04\/Concert-Orgue-Cicle-XXXIII-MAIG-.jpg 1766w, https:\/\/catedralbcn.org\/wp-content\/uploads\/2023\/04\/Concert-Orgue-Cicle-XXXIII-MAIG--600x425.jpg 600w, https:\/\/catedralbcn.org\/wp-content\/uploads\/2023\/04\/Concert-Orgue-Cicle-XXXIII-MAIG--300x213.jpg 300w, https:\/\/catedralbcn.org\/wp-content\/uploads\/2023\/04\/Concert-Orgue-Cicle-XXXIII-MAIG--1024x726.jpg 1024w, https:\/\/catedralbcn.org\/wp-content\/uploads\/2023\/04\/Concert-Orgue-Cicle-XXXIII-MAIG--768x544.jpg 768w, https:\/\/catedralbcn.org\/wp-content\/uploads\/2023\/04\/Concert-Orgue-Cicle-XXXIII-MAIG--1536x1089.jpg 1536w\" sizes=\"(max-width: 697px) 100vw, 697px\" \/><\/p>\n","protected":false},"excerpt":{"rendered":"<p>33nd cycle of Organ Concerts 17 may 20:00h Organist: Enrique Mart\u00edn Laguna, first prize in the Burgos National Organ Competition. He is the titular organist of the Getafe Cathedral and&#8230;<\/p>\n","protected":false},"author":3,"featured_media":6862,"comment_status":"closed","ping_status":"closed","sticky":false,"template":"","format":"standard","meta":{"xn-wppe-expiration":[],"xn-wppe-expiration-action":[],"xn-wppe-expiration-prefix":[],"footnotes":"","_links_to":"","_links_to_target":""},"categories":[11],"tags":[],"class_list":{"0":"post-6868","1":"post","2":"type-post","3":"status-publish","4":"format-standard","5":"has-post-thumbnail","7":"category-uncategorized"},"yoast_head":"<!-- This site is optimized with the Yoast SEO plugin v27.3 - https:\/\/yoast.com\/product\/yoast-seo-wordpress\/ -->\n<title>May, 17th | 33nd Cycle of Organ Concerts - SANTA ESGL\u00c9SIA CATEDRAL BAS\u00cdLICA METROPOLITANA DE BARCELONA<\/title>\n<meta name=\"robots\" content=\"index, follow, max-snippet:-1, max-image-preview:large, max-video-preview:-1\" \/>\n<link rel=\"canonical\" href=\"https:\/\/catedralbcn.org\/en\/may-17th-33nd-cycle-of-organ-concerts\/\" \/>\n<meta property=\"og:locale\" content=\"en_US\" \/>\n<meta property=\"og:type\" content=\"article\" \/>\n<meta property=\"og:title\" content=\"May, 17th | 33nd Cycle of Organ Concerts - SANTA ESGL\u00c9SIA CATEDRAL BAS\u00cdLICA METROPOLITANA DE BARCELONA\" \/>\n<meta property=\"og:description\" content=\"33nd cycle of Organ Concerts 17 may 20:00h Organist: Enrique Mart\u00edn Laguna, first prize in the Burgos National Organ Competition. He is the titular organist of the Getafe Cathedral and...\" \/>\n<meta property=\"og:url\" content=\"https:\/\/catedralbcn.org\/en\/may-17th-33nd-cycle-of-organ-concerts\/\" \/>\n<meta property=\"og:site_name\" content=\"SANTA ESGL\u00c9SIA CATEDRAL BAS\u00cdLICA METROPOLITANA DE BARCELONA\" \/>\n<meta property=\"article:published_time\" content=\"2023-05-04T12:24:10+00:00\" \/>\n<meta property=\"article:modified_time\" content=\"2023-05-09T13:43:07+00:00\" \/>\n<meta property=\"og:image\" content=\"https:\/\/catedralbcn.org\/wp-content\/uploads\/2023\/05\/Enrique-3r-768x674-1.jpg\" \/>\n\t<meta property=\"og:image:width\" content=\"768\" \/>\n\t<meta property=\"og:image:height\" content=\"674\" \/>\n\t<meta property=\"og:image:type\" content=\"image\/jpeg\" \/>\n<meta name=\"author\" content=\"Catedral de Barcelona\" \/>\n<meta name=\"twitter:card\" content=\"summary_large_image\" \/>\n<meta name=\"twitter:label1\" content=\"Written by\" \/>\n\t<meta name=\"twitter:data1\" content=\"Catedral de Barcelona\" \/>\n\t<meta name=\"twitter:label2\" content=\"Est. reading time\" \/>\n\t<meta name=\"twitter:data2\" content=\"1 minute\" \/>\n<script type=\"application\/ld+json\" class=\"yoast-schema-graph\">{\"@context\":\"https:\\\/\\\/schema.org\",\"@graph\":[{\"@type\":\"Article\",\"@id\":\"https:\\\/\\\/catedralbcn.org\\\/en\\\/may-17th-33nd-cycle-of-organ-concerts\\\/#article\",\"isPartOf\":{\"@id\":\"https:\\\/\\\/catedralbcn.org\\\/en\\\/may-17th-33nd-cycle-of-organ-concerts\\\/\"},\"author\":{\"name\":\"Catedral de Barcelona\",\"@id\":\"https:\\\/\\\/catedralbcn.org\\\/en\\\/#\\\/schema\\\/person\\\/5bf99d49bb5301f1d80378f07471f188\"},\"headline\":\"May, 17th | 33nd Cycle of Organ Concerts\",\"datePublished\":\"2023-05-04T12:24:10+00:00\",\"dateModified\":\"2023-05-09T13:43:07+00:00\",\"mainEntityOfPage\":{\"@id\":\"https:\\\/\\\/catedralbcn.org\\\/en\\\/may-17th-33nd-cycle-of-organ-concerts\\\/\"},\"wordCount\":142,\"image\":{\"@id\":\"https:\\\/\\\/catedralbcn.org\\\/en\\\/may-17th-33nd-cycle-of-organ-concerts\\\/#primaryimage\"},\"thumbnailUrl\":\"https:\\\/\\\/catedralbcn.org\\\/wp-content\\\/uploads\\\/2023\\\/05\\\/Enrique-3r-768x674-1.jpg\",\"inLanguage\":\"en-US\"},{\"@type\":\"WebPage\",\"@id\":\"https:\\\/\\\/catedralbcn.org\\\/en\\\/may-17th-33nd-cycle-of-organ-concerts\\\/\",\"url\":\"https:\\\/\\\/catedralbcn.org\\\/en\\\/may-17th-33nd-cycle-of-organ-concerts\\\/\",\"name\":\"May, 17th | 33nd Cycle of Organ Concerts - SANTA ESGL\u00c9SIA CATEDRAL BAS\u00cdLICA METROPOLITANA DE BARCELONA\",\"isPartOf\":{\"@id\":\"https:\\\/\\\/catedralbcn.org\\\/en\\\/#website\"},\"primaryImageOfPage\":{\"@id\":\"https:\\\/\\\/catedralbcn.org\\\/en\\\/may-17th-33nd-cycle-of-organ-concerts\\\/#primaryimage\"},\"image\":{\"@id\":\"https:\\\/\\\/catedralbcn.org\\\/en\\\/may-17th-33nd-cycle-of-organ-concerts\\\/#primaryimage\"},\"thumbnailUrl\":\"https:\\\/\\\/catedralbcn.org\\\/wp-content\\\/uploads\\\/2023\\\/05\\\/Enrique-3r-768x674-1.jpg\",\"datePublished\":\"2023-05-04T12:24:10+00:00\",\"dateModified\":\"2023-05-09T13:43:07+00:00\",\"author\":{\"@id\":\"https:\\\/\\\/catedralbcn.org\\\/en\\\/#\\\/schema\\\/person\\\/5bf99d49bb5301f1d80378f07471f188\"},\"breadcrumb\":{\"@id\":\"https:\\\/\\\/catedralbcn.org\\\/en\\\/may-17th-33nd-cycle-of-organ-concerts\\\/#breadcrumb\"},\"inLanguage\":\"en-US\",\"potentialAction\":[{\"@type\":\"ReadAction\",\"target\":[\"https:\\\/\\\/catedralbcn.org\\\/en\\\/may-17th-33nd-cycle-of-organ-concerts\\\/\"]}]},{\"@type\":\"ImageObject\",\"inLanguage\":\"en-US\",\"@id\":\"https:\\\/\\\/catedralbcn.org\\\/en\\\/may-17th-33nd-cycle-of-organ-concerts\\\/#primaryimage\",\"url\":\"https:\\\/\\\/catedralbcn.org\\\/wp-content\\\/uploads\\\/2023\\\/05\\\/Enrique-3r-768x674-1.jpg\",\"contentUrl\":\"https:\\\/\\\/catedralbcn.org\\\/wp-content\\\/uploads\\\/2023\\\/05\\\/Enrique-3r-768x674-1.jpg\",\"width\":768,\"height\":674},{\"@type\":\"BreadcrumbList\",\"@id\":\"https:\\\/\\\/catedralbcn.org\\\/en\\\/may-17th-33nd-cycle-of-organ-concerts\\\/#breadcrumb\",\"itemListElement\":[{\"@type\":\"ListItem\",\"position\":1,\"name\":\"Home\",\"item\":\"https:\\\/\\\/catedralbcn.org\\\/en\\\/\"},{\"@type\":\"ListItem\",\"position\":2,\"name\":\"May, 17th | 33nd Cycle of Organ Concerts\"}]},{\"@type\":\"WebSite\",\"@id\":\"https:\\\/\\\/catedralbcn.org\\\/en\\\/#website\",\"url\":\"https:\\\/\\\/catedralbcn.org\\\/en\\\/\",\"name\":\"SANTA ESGL\u00c9SIA CATEDRAL BAS\u00cdLICA METROPOLITANA DE BARCELONA\",\"description\":\"Catedral de Barcelona\",\"potentialAction\":[{\"@type\":\"SearchAction\",\"target\":{\"@type\":\"EntryPoint\",\"urlTemplate\":\"https:\\\/\\\/catedralbcn.org\\\/en\\\/?s={search_term_string}\"},\"query-input\":{\"@type\":\"PropertyValueSpecification\",\"valueRequired\":true,\"valueName\":\"search_term_string\"}}],\"inLanguage\":\"en-US\"},{\"@type\":\"Person\",\"@id\":\"https:\\\/\\\/catedralbcn.org\\\/en\\\/#\\\/schema\\\/person\\\/5bf99d49bb5301f1d80378f07471f188\",\"name\":\"Catedral de Barcelona\",\"image\":{\"@type\":\"ImageObject\",\"inLanguage\":\"en-US\",\"@id\":\"https:\\\/\\\/catedralbcn.org\\\/wp-content\\\/litespeed\\\/avatar\\\/7054f04e13d5379cf3f2632deb8b9a21.jpg?ver=1776941678\",\"url\":\"https:\\\/\\\/catedralbcn.org\\\/wp-content\\\/litespeed\\\/avatar\\\/7054f04e13d5379cf3f2632deb8b9a21.jpg?ver=1776941678\",\"contentUrl\":\"https:\\\/\\\/catedralbcn.org\\\/wp-content\\\/litespeed\\\/avatar\\\/7054f04e13d5379cf3f2632deb8b9a21.jpg?ver=1776941678\",\"caption\":\"Catedral de Barcelona\"},\"url\":\"https:\\\/\\\/catedralbcn.org\\\/en\\\/author\\\/secretariacatedralbcn-org\\\/\"}]}<\/script>\n<!-- \/ Yoast SEO plugin. -->","yoast_head_json":{"title":"May, 17th | 33nd Cycle of Organ Concerts - SANTA ESGL\u00c9SIA CATEDRAL BAS\u00cdLICA METROPOLITANA DE BARCELONA","robots":{"index":"index","follow":"follow","max-snippet":"max-snippet:-1","max-image-preview":"max-image-preview:large","max-video-preview":"max-video-preview:-1"},"canonical":"https:\/\/catedralbcn.org\/en\/may-17th-33nd-cycle-of-organ-concerts\/","og_locale":"en_US","og_type":"article","og_title":"May, 17th | 33nd Cycle of Organ Concerts - SANTA ESGL\u00c9SIA CATEDRAL BAS\u00cdLICA METROPOLITANA DE BARCELONA","og_description":"33nd cycle of Organ Concerts 17 may 20:00h Organist: Enrique Mart\u00edn Laguna, first prize in the Burgos National Organ Competition. He is the titular organist of the Getafe Cathedral and...","og_url":"https:\/\/catedralbcn.org\/en\/may-17th-33nd-cycle-of-organ-concerts\/","og_site_name":"SANTA ESGL\u00c9SIA CATEDRAL BAS\u00cdLICA METROPOLITANA DE BARCELONA","article_published_time":"2023-05-04T12:24:10+00:00","article_modified_time":"2023-05-09T13:43:07+00:00","og_image":[{"width":768,"height":674,"url":"https:\/\/catedralbcn.org\/wp-content\/uploads\/2023\/05\/Enrique-3r-768x674-1.jpg","type":"image\/jpeg"}],"author":"Catedral de Barcelona","twitter_card":"summary_large_image","twitter_misc":{"Written by":"Catedral de Barcelona","Est. reading time":"1 minute"},"schema":{"@context":"https:\/\/schema.org","@graph":[{"@type":"Article","@id":"https:\/\/catedralbcn.org\/en\/may-17th-33nd-cycle-of-organ-concerts\/#article","isPartOf":{"@id":"https:\/\/catedralbcn.org\/en\/may-17th-33nd-cycle-of-organ-concerts\/"},"author":{"name":"Catedral de Barcelona","@id":"https:\/\/catedralbcn.org\/en\/#\/schema\/person\/5bf99d49bb5301f1d80378f07471f188"},"headline":"May, 17th | 33nd Cycle of Organ Concerts","datePublished":"2023-05-04T12:24:10+00:00","dateModified":"2023-05-09T13:43:07+00:00","mainEntityOfPage":{"@id":"https:\/\/catedralbcn.org\/en\/may-17th-33nd-cycle-of-organ-concerts\/"},"wordCount":142,"image":{"@id":"https:\/\/catedralbcn.org\/en\/may-17th-33nd-cycle-of-organ-concerts\/#primaryimage"},"thumbnailUrl":"https:\/\/catedralbcn.org\/wp-content\/uploads\/2023\/05\/Enrique-3r-768x674-1.jpg","inLanguage":"en-US"},{"@type":"WebPage","@id":"https:\/\/catedralbcn.org\/en\/may-17th-33nd-cycle-of-organ-concerts\/","url":"https:\/\/catedralbcn.org\/en\/may-17th-33nd-cycle-of-organ-concerts\/","name":"May, 17th | 33nd Cycle of Organ Concerts - SANTA ESGL\u00c9SIA CATEDRAL BAS\u00cdLICA METROPOLITANA DE BARCELONA","isPartOf":{"@id":"https:\/\/catedralbcn.org\/en\/#website"},"primaryImageOfPage":{"@id":"https:\/\/catedralbcn.org\/en\/may-17th-33nd-cycle-of-organ-concerts\/#primaryimage"},"image":{"@id":"https:\/\/catedralbcn.org\/en\/may-17th-33nd-cycle-of-organ-concerts\/#primaryimage"},"thumbnailUrl":"https:\/\/catedralbcn.org\/wp-content\/uploads\/2023\/05\/Enrique-3r-768x674-1.jpg","datePublished":"2023-05-04T12:24:10+00:00","dateModified":"2023-05-09T13:43:07+00:00","author":{"@id":"https:\/\/catedralbcn.org\/en\/#\/schema\/person\/5bf99d49bb5301f1d80378f07471f188"},"breadcrumb":{"@id":"https:\/\/catedralbcn.org\/en\/may-17th-33nd-cycle-of-organ-concerts\/#breadcrumb"},"inLanguage":"en-US","potentialAction":[{"@type":"ReadAction","target":["https:\/\/catedralbcn.org\/en\/may-17th-33nd-cycle-of-organ-concerts\/"]}]},{"@type":"ImageObject","inLanguage":"en-US","@id":"https:\/\/catedralbcn.org\/en\/may-17th-33nd-cycle-of-organ-concerts\/#primaryimage","url":"https:\/\/catedralbcn.org\/wp-content\/uploads\/2023\/05\/Enrique-3r-768x674-1.jpg","contentUrl":"https:\/\/catedralbcn.org\/wp-content\/uploads\/2023\/05\/Enrique-3r-768x674-1.jpg","width":768,"height":674},{"@type":"BreadcrumbList","@id":"https:\/\/catedralbcn.org\/en\/may-17th-33nd-cycle-of-organ-concerts\/#breadcrumb","itemListElement":[{"@type":"ListItem","position":1,"name":"Home","item":"https:\/\/catedralbcn.org\/en\/"},{"@type":"ListItem","position":2,"name":"May, 17th | 33nd Cycle of Organ Concerts"}]},{"@type":"WebSite","@id":"https:\/\/catedralbcn.org\/en\/#website","url":"https:\/\/catedralbcn.org\/en\/","name":"SANTA ESGL\u00c9SIA CATEDRAL BAS\u00cdLICA METROPOLITANA DE BARCELONA","description":"Catedral de Barcelona","potentialAction":[{"@type":"SearchAction","target":{"@type":"EntryPoint","urlTemplate":"https:\/\/catedralbcn.org\/en\/?s={search_term_string}"},"query-input":{"@type":"PropertyValueSpecification","valueRequired":true,"valueName":"search_term_string"}}],"inLanguage":"en-US"},{"@type":"Person","@id":"https:\/\/catedralbcn.org\/en\/#\/schema\/person\/5bf99d49bb5301f1d80378f07471f188","name":"Catedral de Barcelona","image":{"@type":"ImageObject","inLanguage":"en-US","@id":"https:\/\/catedralbcn.org\/wp-content\/litespeed\/avatar\/7054f04e13d5379cf3f2632deb8b9a21.jpg?ver=1776941678","url":"https:\/\/catedralbcn.org\/wp-content\/litespeed\/avatar\/7054f04e13d5379cf3f2632deb8b9a21.jpg?ver=1776941678","contentUrl":"https:\/\/catedralbcn.org\/wp-content\/litespeed\/avatar\/7054f04e13d5379cf3f2632deb8b9a21.jpg?ver=1776941678","caption":"Catedral de Barcelona"},"url":"https:\/\/catedralbcn.org\/en\/author\/secretariacatedralbcn-org\/"}]}},"_links":{"self":[{"href":"https:\/\/catedralbcn.org\/en\/wp-json\/wp\/v2\/posts\/6868","targetHints":{"allow":["GET"]}}],"collection":[{"href":"https:\/\/catedralbcn.org\/en\/wp-json\/wp\/v2\/posts"}],"about":[{"href":"https:\/\/catedralbcn.org\/en\/wp-json\/wp\/v2\/types\/post"}],"author":[{"embeddable":true,"href":"https:\/\/catedralbcn.org\/en\/wp-json\/wp\/v2\/users\/3"}],"replies":[{"embeddable":true,"href":"https:\/\/catedralbcn.org\/en\/wp-json\/wp\/v2\/comments?post=6868"}],"version-history":[{"count":0,"href":"https:\/\/catedralbcn.org\/en\/wp-json\/wp\/v2\/posts\/6868\/revisions"}],"wp:featuredmedia":[{"embeddable":true,"href":"https:\/\/catedralbcn.org\/en\/wp-json\/wp\/v2\/media\/6862"}],"wp:attachment":[{"href":"https:\/\/catedralbcn.org\/en\/wp-json\/wp\/v2\/media?parent=6868"}],"wp:term":[{"taxonomy":"category","embeddable":true,"href":"https:\/\/catedralbcn.org\/en\/wp-json\/wp\/v2\/categories?post=6868"},{"taxonomy":"post_tag","embeddable":true,"href":"https:\/\/catedralbcn.org\/en\/wp-json\/wp\/v2\/tags?post=6868"}],"curies":[{"name":"wp","href":"https:\/\/api.w.org\/{rel}","templated":true}]}}