{"id":3389,"date":"2022-01-30T10:00:58","date_gmt":"2022-01-30T10:00:58","guid":{"rendered":"https:\/\/catedralbcn.org\/?p=3389"},"modified":"2022-04-08T13:03:06","modified_gmt":"2022-04-08T13:03:06","slug":"3-de-febrero-al-27-de-marzo-exposicion-sobre-santa-eulalia","status":"publish","type":"post","link":"https:\/\/catedralbcn.org\/es\/3-de-febrero-al-27-de-marzo-exposicion-sobre-santa-eulalia\/","title":{"rendered":"3 de febrero al 27 de marzo | Exposici\u00f3n sobre santa Eulalia"},"content":{"rendered":"<ul>\n<li>Exposici\u00f3n: \u00abSanta Eulalia de Barcelona, la bien hablada. Una ciudad, una patrona\u00bb<\/li>\n<li>En el\u00a0<a href=\"https:\/\/esglesia.barcelona\/museu-diocesa\/visita\/exposicions-2\/\">Museu Dioces\u00e0 de Barcelona<\/a>\u00a0y en la Catedral de Barcelona<\/li>\n<\/ul>\n","protected":false},"excerpt":{"rendered":"<p>Exposici\u00f3n: \u00abSanta Eulalia de Barcelona, la bien hablada. Una ciudad, una patrona\u00bb En el\u00a0Museu Dioces\u00e0 de Barcelona\u00a0y en la Catedral de Barcelona<\/p>\n","protected":false},"author":1,"featured_media":3357,"comment_status":"closed","ping_status":"closed","sticky":false,"template":"","format":"standard","meta":{"xn-wppe-expiration":[],"xn-wppe-expiration-action":[],"xn-wppe-expiration-prefix":[],"footnotes":"","_links_to":"","_links_to_target":""},"categories":[1],"tags":[],"class_list":{"0":"post-3389","1":"post","2":"type-post","3":"status-publish","4":"format-standard","5":"has-post-thumbnail","7":"category-uncategorized-ca"},"yoast_head":"<!-- This site is optimized with the Yoast SEO plugin v27.3 - https:\/\/yoast.com\/product\/yoast-seo-wordpress\/ -->\n<title>3 de febrero al 27 de marzo | Exposici\u00f3n sobre santa Eulalia - SANTA ESGL\u00c9SIA CATEDRAL BAS\u00cdLICA METROPOLITANA DE BARCELONA<\/title>\n<meta name=\"robots\" content=\"index, follow, max-snippet:-1, max-image-preview:large, max-video-preview:-1\" \/>\n<link rel=\"canonical\" href=\"https:\/\/catedralbcn.org\/es\/3-de-febrero-al-27-de-marzo-exposicion-sobre-santa-eulalia\/\" \/>\n<meta property=\"og:locale\" content=\"es_ES\" \/>\n<meta property=\"og:type\" content=\"article\" \/>\n<meta property=\"og:title\" content=\"3 de febrero al 27 de marzo | Exposici\u00f3n sobre santa Eulalia - SANTA ESGL\u00c9SIA CATEDRAL BAS\u00cdLICA METROPOLITANA DE BARCELONA\" \/>\n<meta property=\"og:description\" content=\"Exposici\u00f3n: \u00abSanta Eulalia de Barcelona, la bien hablada. Una ciudad, una patrona\u00bb En el\u00a0Museu Dioces\u00e0 de Barcelona\u00a0y en la Catedral de Barcelona\" \/>\n<meta property=\"og:url\" content=\"https:\/\/catedralbcn.org\/es\/3-de-febrero-al-27-de-marzo-exposicion-sobre-santa-eulalia\/\" \/>\n<meta property=\"og:site_name\" content=\"SANTA ESGL\u00c9SIA CATEDRAL BAS\u00cdLICA METROPOLITANA DE BARCELONA\" \/>\n<meta property=\"article:published_time\" content=\"2022-01-30T10:00:58+00:00\" \/>\n<meta property=\"article:modified_time\" content=\"2022-04-08T13:03:06+00:00\" \/>\n<meta property=\"og:image\" content=\"https:\/\/catedralbcn.org\/wp-content\/uploads\/2022\/02\/20220201_152716-scaled-1.jpeg\" \/>\n\t<meta property=\"og:image:width\" content=\"1920\" \/>\n\t<meta property=\"og:image:height\" content=\"2560\" \/>\n\t<meta property=\"og:image:type\" content=\"image\/jpeg\" \/>\n<meta name=\"author\" content=\"gasullac\" \/>\n<meta name=\"twitter:card\" content=\"summary_large_image\" \/>\n<meta name=\"twitter:label1\" content=\"Escrito por\" \/>\n\t<meta name=\"twitter:data1\" content=\"gasullac\" \/>\n<script type=\"application\/ld+json\" class=\"yoast-schema-graph\">{\"@context\":\"https:\\\/\\\/schema.org\",\"@graph\":[{\"@type\":\"Article\",\"@id\":\"https:\\\/\\\/catedralbcn.org\\\/es\\\/3-de-febrero-al-27-de-marzo-exposicion-sobre-santa-eulalia\\\/#article\",\"isPartOf\":{\"@id\":\"https:\\\/\\\/catedralbcn.org\\\/es\\\/3-de-febrero-al-27-de-marzo-exposicion-sobre-santa-eulalia\\\/\"},\"author\":{\"name\":\"gasullac\",\"@id\":\"https:\\\/\\\/catedralbcn.org\\\/es\\\/#\\\/schema\\\/person\\\/e4bcba4f7a7c5861b2082ef48c92f333\"},\"headline\":\"3 de febrero al 27 de marzo | Exposici\u00f3n sobre santa Eulalia\",\"datePublished\":\"2022-01-30T10:00:58+00:00\",\"dateModified\":\"2022-04-08T13:03:06+00:00\",\"mainEntityOfPage\":{\"@id\":\"https:\\\/\\\/catedralbcn.org\\\/es\\\/3-de-febrero-al-27-de-marzo-exposicion-sobre-santa-eulalia\\\/\"},\"wordCount\":35,\"image\":{\"@id\":\"https:\\\/\\\/catedralbcn.org\\\/es\\\/3-de-febrero-al-27-de-marzo-exposicion-sobre-santa-eulalia\\\/#primaryimage\"},\"thumbnailUrl\":\"https:\\\/\\\/catedralbcn.org\\\/wp-content\\\/uploads\\\/2022\\\/02\\\/20220201_152716-scaled-1.jpeg\",\"articleSection\":[\"Uncategorized @ca\"],\"inLanguage\":\"es\"},{\"@type\":\"WebPage\",\"@id\":\"https:\\\/\\\/catedralbcn.org\\\/es\\\/3-de-febrero-al-27-de-marzo-exposicion-sobre-santa-eulalia\\\/\",\"url\":\"https:\\\/\\\/catedralbcn.org\\\/es\\\/3-de-febrero-al-27-de-marzo-exposicion-sobre-santa-eulalia\\\/\",\"name\":\"3 de febrero al 27 de marzo | Exposici\u00f3n sobre santa Eulalia - SANTA ESGL\u00c9SIA CATEDRAL BAS\u00cdLICA METROPOLITANA DE BARCELONA\",\"isPartOf\":{\"@id\":\"https:\\\/\\\/catedralbcn.org\\\/es\\\/#website\"},\"primaryImageOfPage\":{\"@id\":\"https:\\\/\\\/catedralbcn.org\\\/es\\\/3-de-febrero-al-27-de-marzo-exposicion-sobre-santa-eulalia\\\/#primaryimage\"},\"image\":{\"@id\":\"https:\\\/\\\/catedralbcn.org\\\/es\\\/3-de-febrero-al-27-de-marzo-exposicion-sobre-santa-eulalia\\\/#primaryimage\"},\"thumbnailUrl\":\"https:\\\/\\\/catedralbcn.org\\\/wp-content\\\/uploads\\\/2022\\\/02\\\/20220201_152716-scaled-1.jpeg\",\"datePublished\":\"2022-01-30T10:00:58+00:00\",\"dateModified\":\"2022-04-08T13:03:06+00:00\",\"author\":{\"@id\":\"https:\\\/\\\/catedralbcn.org\\\/es\\\/#\\\/schema\\\/person\\\/e4bcba4f7a7c5861b2082ef48c92f333\"},\"breadcrumb\":{\"@id\":\"https:\\\/\\\/catedralbcn.org\\\/es\\\/3-de-febrero-al-27-de-marzo-exposicion-sobre-santa-eulalia\\\/#breadcrumb\"},\"inLanguage\":\"es\",\"potentialAction\":[{\"@type\":\"ReadAction\",\"target\":[\"https:\\\/\\\/catedralbcn.org\\\/es\\\/3-de-febrero-al-27-de-marzo-exposicion-sobre-santa-eulalia\\\/\"]}]},{\"@type\":\"ImageObject\",\"inLanguage\":\"es\",\"@id\":\"https:\\\/\\\/catedralbcn.org\\\/es\\\/3-de-febrero-al-27-de-marzo-exposicion-sobre-santa-eulalia\\\/#primaryimage\",\"url\":\"https:\\\/\\\/catedralbcn.org\\\/wp-content\\\/uploads\\\/2022\\\/02\\\/20220201_152716-scaled-1.jpeg\",\"contentUrl\":\"https:\\\/\\\/catedralbcn.org\\\/wp-content\\\/uploads\\\/2022\\\/02\\\/20220201_152716-scaled-1.jpeg\",\"width\":1920,\"height\":2560},{\"@type\":\"BreadcrumbList\",\"@id\":\"https:\\\/\\\/catedralbcn.org\\\/es\\\/3-de-febrero-al-27-de-marzo-exposicion-sobre-santa-eulalia\\\/#breadcrumb\",\"itemListElement\":[{\"@type\":\"ListItem\",\"position\":1,\"name\":\"Inicio\",\"item\":\"https:\\\/\\\/catedralbcn.org\\\/es\\\/\"},{\"@type\":\"ListItem\",\"position\":2,\"name\":\"3 de febrero al 27 de marzo | Exposici\u00f3n sobre santa Eulalia\"}]},{\"@type\":\"WebSite\",\"@id\":\"https:\\\/\\\/catedralbcn.org\\\/es\\\/#website\",\"url\":\"https:\\\/\\\/catedralbcn.org\\\/es\\\/\",\"name\":\"SANTA ESGL\u00c9SIA CATEDRAL BAS\u00cdLICA METROPOLITANA DE BARCELONA\",\"description\":\"Catedral de Barcelona\",\"potentialAction\":[{\"@type\":\"SearchAction\",\"target\":{\"@type\":\"EntryPoint\",\"urlTemplate\":\"https:\\\/\\\/catedralbcn.org\\\/es\\\/?s={search_term_string}\"},\"query-input\":{\"@type\":\"PropertyValueSpecification\",\"valueRequired\":true,\"valueName\":\"search_term_string\"}}],\"inLanguage\":\"es\"},{\"@type\":\"Person\",\"@id\":\"https:\\\/\\\/catedralbcn.org\\\/es\\\/#\\\/schema\\\/person\\\/e4bcba4f7a7c5861b2082ef48c92f333\",\"name\":\"gasullac\",\"image\":{\"@type\":\"ImageObject\",\"inLanguage\":\"es\",\"@id\":\"https:\\\/\\\/catedralbcn.org\\\/wp-content\\\/litespeed\\\/avatar\\\/036885330b1eb968dec3c55610e51f09.jpg?ver=1776943230\",\"url\":\"https:\\\/\\\/catedralbcn.org\\\/wp-content\\\/litespeed\\\/avatar\\\/036885330b1eb968dec3c55610e51f09.jpg?ver=1776943230\",\"contentUrl\":\"https:\\\/\\\/catedralbcn.org\\\/wp-content\\\/litespeed\\\/avatar\\\/036885330b1eb968dec3c55610e51f09.jpg?ver=1776943230\",\"caption\":\"gasullac\"},\"sameAs\":[\"https:\\\/\\\/catedralbcn.org\"],\"url\":\"https:\\\/\\\/catedralbcn.org\\\/es\\\/author\\\/gasullac\\\/\"}]}<\/script>\n<!-- \/ Yoast SEO plugin. -->","yoast_head_json":{"title":"3 de febrero al 27 de marzo | Exposici\u00f3n sobre santa Eulalia - SANTA ESGL\u00c9SIA CATEDRAL BAS\u00cdLICA METROPOLITANA DE BARCELONA","robots":{"index":"index","follow":"follow","max-snippet":"max-snippet:-1","max-image-preview":"max-image-preview:large","max-video-preview":"max-video-preview:-1"},"canonical":"https:\/\/catedralbcn.org\/es\/3-de-febrero-al-27-de-marzo-exposicion-sobre-santa-eulalia\/","og_locale":"es_ES","og_type":"article","og_title":"3 de febrero al 27 de marzo | Exposici\u00f3n sobre santa Eulalia - SANTA ESGL\u00c9SIA CATEDRAL BAS\u00cdLICA METROPOLITANA DE BARCELONA","og_description":"Exposici\u00f3n: \u00abSanta Eulalia de Barcelona, la bien hablada. Una ciudad, una patrona\u00bb En el\u00a0Museu Dioces\u00e0 de Barcelona\u00a0y en la Catedral de Barcelona","og_url":"https:\/\/catedralbcn.org\/es\/3-de-febrero-al-27-de-marzo-exposicion-sobre-santa-eulalia\/","og_site_name":"SANTA ESGL\u00c9SIA CATEDRAL BAS\u00cdLICA METROPOLITANA DE BARCELONA","article_published_time":"2022-01-30T10:00:58+00:00","article_modified_time":"2022-04-08T13:03:06+00:00","og_image":[{"width":1920,"height":2560,"url":"https:\/\/catedralbcn.org\/wp-content\/uploads\/2022\/02\/20220201_152716-scaled-1.jpeg","type":"image\/jpeg"}],"author":"gasullac","twitter_card":"summary_large_image","twitter_misc":{"Escrito por":"gasullac"},"schema":{"@context":"https:\/\/schema.org","@graph":[{"@type":"Article","@id":"https:\/\/catedralbcn.org\/es\/3-de-febrero-al-27-de-marzo-exposicion-sobre-santa-eulalia\/#article","isPartOf":{"@id":"https:\/\/catedralbcn.org\/es\/3-de-febrero-al-27-de-marzo-exposicion-sobre-santa-eulalia\/"},"author":{"name":"gasullac","@id":"https:\/\/catedralbcn.org\/es\/#\/schema\/person\/e4bcba4f7a7c5861b2082ef48c92f333"},"headline":"3 de febrero al 27 de marzo | Exposici\u00f3n sobre santa Eulalia","datePublished":"2022-01-30T10:00:58+00:00","dateModified":"2022-04-08T13:03:06+00:00","mainEntityOfPage":{"@id":"https:\/\/catedralbcn.org\/es\/3-de-febrero-al-27-de-marzo-exposicion-sobre-santa-eulalia\/"},"wordCount":35,"image":{"@id":"https:\/\/catedralbcn.org\/es\/3-de-febrero-al-27-de-marzo-exposicion-sobre-santa-eulalia\/#primaryimage"},"thumbnailUrl":"https:\/\/catedralbcn.org\/wp-content\/uploads\/2022\/02\/20220201_152716-scaled-1.jpeg","articleSection":["Uncategorized @ca"],"inLanguage":"es"},{"@type":"WebPage","@id":"https:\/\/catedralbcn.org\/es\/3-de-febrero-al-27-de-marzo-exposicion-sobre-santa-eulalia\/","url":"https:\/\/catedralbcn.org\/es\/3-de-febrero-al-27-de-marzo-exposicion-sobre-santa-eulalia\/","name":"3 de febrero al 27 de marzo | Exposici\u00f3n sobre santa Eulalia - SANTA ESGL\u00c9SIA CATEDRAL BAS\u00cdLICA METROPOLITANA DE BARCELONA","isPartOf":{"@id":"https:\/\/catedralbcn.org\/es\/#website"},"primaryImageOfPage":{"@id":"https:\/\/catedralbcn.org\/es\/3-de-febrero-al-27-de-marzo-exposicion-sobre-santa-eulalia\/#primaryimage"},"image":{"@id":"https:\/\/catedralbcn.org\/es\/3-de-febrero-al-27-de-marzo-exposicion-sobre-santa-eulalia\/#primaryimage"},"thumbnailUrl":"https:\/\/catedralbcn.org\/wp-content\/uploads\/2022\/02\/20220201_152716-scaled-1.jpeg","datePublished":"2022-01-30T10:00:58+00:00","dateModified":"2022-04-08T13:03:06+00:00","author":{"@id":"https:\/\/catedralbcn.org\/es\/#\/schema\/person\/e4bcba4f7a7c5861b2082ef48c92f333"},"breadcrumb":{"@id":"https:\/\/catedralbcn.org\/es\/3-de-febrero-al-27-de-marzo-exposicion-sobre-santa-eulalia\/#breadcrumb"},"inLanguage":"es","potentialAction":[{"@type":"ReadAction","target":["https:\/\/catedralbcn.org\/es\/3-de-febrero-al-27-de-marzo-exposicion-sobre-santa-eulalia\/"]}]},{"@type":"ImageObject","inLanguage":"es","@id":"https:\/\/catedralbcn.org\/es\/3-de-febrero-al-27-de-marzo-exposicion-sobre-santa-eulalia\/#primaryimage","url":"https:\/\/catedralbcn.org\/wp-content\/uploads\/2022\/02\/20220201_152716-scaled-1.jpeg","contentUrl":"https:\/\/catedralbcn.org\/wp-content\/uploads\/2022\/02\/20220201_152716-scaled-1.jpeg","width":1920,"height":2560},{"@type":"BreadcrumbList","@id":"https:\/\/catedralbcn.org\/es\/3-de-febrero-al-27-de-marzo-exposicion-sobre-santa-eulalia\/#breadcrumb","itemListElement":[{"@type":"ListItem","position":1,"name":"Inicio","item":"https:\/\/catedralbcn.org\/es\/"},{"@type":"ListItem","position":2,"name":"3 de febrero al 27 de marzo | Exposici\u00f3n sobre santa Eulalia"}]},{"@type":"WebSite","@id":"https:\/\/catedralbcn.org\/es\/#website","url":"https:\/\/catedralbcn.org\/es\/","name":"SANTA ESGL\u00c9SIA CATEDRAL BAS\u00cdLICA METROPOLITANA DE BARCELONA","description":"Catedral de Barcelona","potentialAction":[{"@type":"SearchAction","target":{"@type":"EntryPoint","urlTemplate":"https:\/\/catedralbcn.org\/es\/?s={search_term_string}"},"query-input":{"@type":"PropertyValueSpecification","valueRequired":true,"valueName":"search_term_string"}}],"inLanguage":"es"},{"@type":"Person","@id":"https:\/\/catedralbcn.org\/es\/#\/schema\/person\/e4bcba4f7a7c5861b2082ef48c92f333","name":"gasullac","image":{"@type":"ImageObject","inLanguage":"es","@id":"https:\/\/catedralbcn.org\/wp-content\/litespeed\/avatar\/036885330b1eb968dec3c55610e51f09.jpg?ver=1776943230","url":"https:\/\/catedralbcn.org\/wp-content\/litespeed\/avatar\/036885330b1eb968dec3c55610e51f09.jpg?ver=1776943230","contentUrl":"https:\/\/catedralbcn.org\/wp-content\/litespeed\/avatar\/036885330b1eb968dec3c55610e51f09.jpg?ver=1776943230","caption":"gasullac"},"sameAs":["https:\/\/catedralbcn.org"],"url":"https:\/\/catedralbcn.org\/es\/author\/gasullac\/"}]}},"_links":{"self":[{"href":"https:\/\/catedralbcn.org\/es\/wp-json\/wp\/v2\/posts\/3389","targetHints":{"allow":["GET"]}}],"collection":[{"href":"https:\/\/catedralbcn.org\/es\/wp-json\/wp\/v2\/posts"}],"about":[{"href":"https:\/\/catedralbcn.org\/es\/wp-json\/wp\/v2\/types\/post"}],"author":[{"embeddable":true,"href":"https:\/\/catedralbcn.org\/es\/wp-json\/wp\/v2\/users\/1"}],"replies":[{"embeddable":true,"href":"https:\/\/catedralbcn.org\/es\/wp-json\/wp\/v2\/comments?post=3389"}],"version-history":[{"count":0,"href":"https:\/\/catedralbcn.org\/es\/wp-json\/wp\/v2\/posts\/3389\/revisions"}],"wp:featuredmedia":[{"embeddable":true,"href":"https:\/\/catedralbcn.org\/es\/wp-json\/wp\/v2\/media\/3357"}],"wp:attachment":[{"href":"https:\/\/catedralbcn.org\/es\/wp-json\/wp\/v2\/media?parent=3389"}],"wp:term":[{"taxonomy":"category","embeddable":true,"href":"https:\/\/catedralbcn.org\/es\/wp-json\/wp\/v2\/categories?post=3389"},{"taxonomy":"post_tag","embeddable":true,"href":"https:\/\/catedralbcn.org\/es\/wp-json\/wp\/v2\/tags?post=3389"}],"curies":[{"name":"wp","href":"https:\/\/api.w.org\/{rel}","templated":true}]}}