{"id":3400,"date":"2022-01-30T09:33:29","date_gmt":"2022-01-30T09:33:29","guid":{"rendered":"https:\/\/catedralbcn.org\/?p=3400"},"modified":"2022-06-10T11:47:50","modified_gmt":"2022-06-10T11:47:50","slug":"del-13-de-enero-al-22-de-mayo-de-2022-exposicion-viaje-a-oriente","status":"publish","type":"post","link":"https:\/\/catedralbcn.org\/es\/del-13-de-enero-al-22-de-mayo-de-2022-exposicion-viaje-a-oriente\/","title":{"rendered":"Del 13 de enero al 22 de mayo de 2022 | Exposici\u00f3n \u00abViaje a Oriente\u00bb"},"content":{"rendered":"<p><strong>Del 13 de enero al 22 de mayo de 2022<\/strong><\/p>\n<ul>\n<li>En el<a href=\"https:\/\/esglesia.barcelona\/museu-diocesa\/\">\u00a0Museu Dioces\u00e0 de Barcelona<\/a>\u00a0(al lado de la Catedral) y en la Sala Capitular de la Catedral.<\/li>\n<li>Presenta la mirada orientalista de la pintura a finales del siglo XIX y principios del XX a trav\u00e9s de grandes maestros com0 Fortuny, Sorolla, Benlliure, Llu\u00eds i Francesc Masriera, S\u00e1nchez Barbudo o Agrasot, entre atross artistas clave en esta tem\u00e1tica.<\/li>\n<li>Vinculada a la exposici\u00f3n \u00abLa mirada del Biblista\u00bb en el\u00a0<a href=\"http:\/\/www.museudemontserrat.com\/ca\/exposicions\/exposicionsactuals\/1\/la-mirada-del-biblista-instants-deternitat\/1189\">Museu de Montserrat<\/a>, que presenta las fotograf\u00edas que realiz\u00f3 el monje de este cenobio, el P. Bonaventura Ubach, en su estancia en Tierra Santa y otros pa\u00edses de alrededor (del 12 de noviembre de 2021 al 17 de julio de 2022)<\/li>\n<\/ul>\n<p><img decoding=\"async\" class=\"alignnone wp-image-3317 size-full\" src=\"https:\/\/catedralbcn.org\/wp-content\/uploads\/2022\/02\/mdb-expo-viatge-a-orient-desktop-2.jpg\" alt=\"\" width=\"1900\" height=\"800\" srcset=\"https:\/\/catedralbcn.org\/wp-content\/uploads\/2022\/02\/mdb-expo-viatge-a-orient-desktop-2.jpg 1900w, https:\/\/catedralbcn.org\/wp-content\/uploads\/2022\/02\/mdb-expo-viatge-a-orient-desktop-2-600x253.jpg 600w, https:\/\/catedralbcn.org\/wp-content\/uploads\/2022\/02\/mdb-expo-viatge-a-orient-desktop-2-300x126.jpg 300w, https:\/\/catedralbcn.org\/wp-content\/uploads\/2022\/02\/mdb-expo-viatge-a-orient-desktop-2-1024x431.jpg 1024w, https:\/\/catedralbcn.org\/wp-content\/uploads\/2022\/02\/mdb-expo-viatge-a-orient-desktop-2-768x323.jpg 768w, https:\/\/catedralbcn.org\/wp-content\/uploads\/2022\/02\/mdb-expo-viatge-a-orient-desktop-2-1536x647.jpg 1536w\" sizes=\"(max-width: 1900px) 100vw, 1900px\" \/><\/p>\n","protected":false},"excerpt":{"rendered":"<p>Del 13 de enero al 22 de mayo de 2022 En el\u00a0Museu Dioces\u00e0 de Barcelona\u00a0(al lado de la Catedral) y en la Sala Capitular de la Catedral. Presenta la mirada&#8230;<\/p>\n","protected":false},"author":1,"featured_media":3321,"comment_status":"closed","ping_status":"closed","sticky":false,"template":"","format":"standard","meta":{"xn-wppe-expiration":[],"xn-wppe-expiration-action":[],"xn-wppe-expiration-prefix":[],"footnotes":"","_links_to":"","_links_to_target":""},"categories":[1],"tags":[],"class_list":{"0":"post-3400","1":"post","2":"type-post","3":"status-publish","4":"format-standard","5":"has-post-thumbnail","7":"category-uncategorized-ca"},"yoast_head":"<!-- This site is optimized with the Yoast SEO plugin v27.3 - https:\/\/yoast.com\/product\/yoast-seo-wordpress\/ -->\n<title>Del 13 de enero al 22 de mayo de 2022 | Exposici\u00f3n &quot;Viaje a Oriente&quot; - SANTA ESGL\u00c9SIA CATEDRAL BAS\u00cdLICA METROPOLITANA DE BARCELONA<\/title>\n<meta name=\"robots\" content=\"index, follow, max-snippet:-1, max-image-preview:large, max-video-preview:-1\" \/>\n<link rel=\"canonical\" href=\"https:\/\/catedralbcn.org\/es\/del-13-de-enero-al-22-de-mayo-de-2022-exposicion-viaje-a-oriente\/\" \/>\n<meta property=\"og:locale\" content=\"es_ES\" \/>\n<meta property=\"og:type\" content=\"article\" \/>\n<meta property=\"og:title\" content=\"Del 13 de enero al 22 de mayo de 2022 | Exposici\u00f3n &quot;Viaje a Oriente&quot; - SANTA ESGL\u00c9SIA CATEDRAL BAS\u00cdLICA METROPOLITANA DE BARCELONA\" \/>\n<meta property=\"og:description\" content=\"Del 13 de enero al 22 de mayo de 2022 En el\u00a0Museu Dioces\u00e0 de Barcelona\u00a0(al lado de la Catedral) y en la Sala Capitular de la Catedral. Presenta la mirada...\" \/>\n<meta property=\"og:url\" content=\"https:\/\/catedralbcn.org\/es\/del-13-de-enero-al-22-de-mayo-de-2022-exposicion-viaje-a-oriente\/\" \/>\n<meta property=\"og:site_name\" content=\"SANTA ESGL\u00c9SIA CATEDRAL BAS\u00cdLICA METROPOLITANA DE BARCELONA\" \/>\n<meta property=\"article:published_time\" content=\"2022-01-30T09:33:29+00:00\" \/>\n<meta property=\"article:modified_time\" content=\"2022-06-10T11:47:50+00:00\" \/>\n<meta property=\"og:image\" content=\"https:\/\/catedralbcn.org\/wp-content\/uploads\/2022\/02\/orient.jpg\" \/>\n\t<meta property=\"og:image:width\" content=\"760\" \/>\n\t<meta property=\"og:image:height\" content=\"428\" \/>\n\t<meta property=\"og:image:type\" content=\"image\/jpeg\" \/>\n<meta name=\"author\" content=\"gasullac\" \/>\n<meta name=\"twitter:card\" content=\"summary_large_image\" \/>\n<meta name=\"twitter:label1\" content=\"Escrito por\" \/>\n\t<meta name=\"twitter:data1\" content=\"gasullac\" \/>\n\t<meta name=\"twitter:label2\" content=\"Tiempo de lectura\" \/>\n\t<meta name=\"twitter:data2\" content=\"1 minuto\" \/>\n<script type=\"application\/ld+json\" class=\"yoast-schema-graph\">{\"@context\":\"https:\\\/\\\/schema.org\",\"@graph\":[{\"@type\":\"Article\",\"@id\":\"https:\\\/\\\/catedralbcn.org\\\/es\\\/del-13-de-enero-al-22-de-mayo-de-2022-exposicion-viaje-a-oriente\\\/#article\",\"isPartOf\":{\"@id\":\"https:\\\/\\\/catedralbcn.org\\\/es\\\/del-13-de-enero-al-22-de-mayo-de-2022-exposicion-viaje-a-oriente\\\/\"},\"author\":{\"name\":\"gasullac\",\"@id\":\"https:\\\/\\\/catedralbcn.org\\\/es\\\/#\\\/schema\\\/person\\\/e4bcba4f7a7c5861b2082ef48c92f333\"},\"headline\":\"Del 13 de enero al 22 de mayo de 2022 | Exposici\u00f3n \u00abViaje a Oriente\u00bb\",\"datePublished\":\"2022-01-30T09:33:29+00:00\",\"dateModified\":\"2022-06-10T11:47:50+00:00\",\"mainEntityOfPage\":{\"@id\":\"https:\\\/\\\/catedralbcn.org\\\/es\\\/del-13-de-enero-al-22-de-mayo-de-2022-exposicion-viaje-a-oriente\\\/\"},\"wordCount\":132,\"image\":{\"@id\":\"https:\\\/\\\/catedralbcn.org\\\/es\\\/del-13-de-enero-al-22-de-mayo-de-2022-exposicion-viaje-a-oriente\\\/#primaryimage\"},\"thumbnailUrl\":\"https:\\\/\\\/catedralbcn.org\\\/wp-content\\\/uploads\\\/2022\\\/02\\\/orient.jpg\",\"articleSection\":[\"Uncategorized @ca\"],\"inLanguage\":\"es\"},{\"@type\":\"WebPage\",\"@id\":\"https:\\\/\\\/catedralbcn.org\\\/es\\\/del-13-de-enero-al-22-de-mayo-de-2022-exposicion-viaje-a-oriente\\\/\",\"url\":\"https:\\\/\\\/catedralbcn.org\\\/es\\\/del-13-de-enero-al-22-de-mayo-de-2022-exposicion-viaje-a-oriente\\\/\",\"name\":\"Del 13 de enero al 22 de mayo de 2022 | Exposici\u00f3n \\\"Viaje a Oriente\\\" - SANTA ESGL\u00c9SIA CATEDRAL BAS\u00cdLICA METROPOLITANA DE BARCELONA\",\"isPartOf\":{\"@id\":\"https:\\\/\\\/catedralbcn.org\\\/es\\\/#website\"},\"primaryImageOfPage\":{\"@id\":\"https:\\\/\\\/catedralbcn.org\\\/es\\\/del-13-de-enero-al-22-de-mayo-de-2022-exposicion-viaje-a-oriente\\\/#primaryimage\"},\"image\":{\"@id\":\"https:\\\/\\\/catedralbcn.org\\\/es\\\/del-13-de-enero-al-22-de-mayo-de-2022-exposicion-viaje-a-oriente\\\/#primaryimage\"},\"thumbnailUrl\":\"https:\\\/\\\/catedralbcn.org\\\/wp-content\\\/uploads\\\/2022\\\/02\\\/orient.jpg\",\"datePublished\":\"2022-01-30T09:33:29+00:00\",\"dateModified\":\"2022-06-10T11:47:50+00:00\",\"author\":{\"@id\":\"https:\\\/\\\/catedralbcn.org\\\/es\\\/#\\\/schema\\\/person\\\/e4bcba4f7a7c5861b2082ef48c92f333\"},\"breadcrumb\":{\"@id\":\"https:\\\/\\\/catedralbcn.org\\\/es\\\/del-13-de-enero-al-22-de-mayo-de-2022-exposicion-viaje-a-oriente\\\/#breadcrumb\"},\"inLanguage\":\"es\",\"potentialAction\":[{\"@type\":\"ReadAction\",\"target\":[\"https:\\\/\\\/catedralbcn.org\\\/es\\\/del-13-de-enero-al-22-de-mayo-de-2022-exposicion-viaje-a-oriente\\\/\"]}]},{\"@type\":\"ImageObject\",\"inLanguage\":\"es\",\"@id\":\"https:\\\/\\\/catedralbcn.org\\\/es\\\/del-13-de-enero-al-22-de-mayo-de-2022-exposicion-viaje-a-oriente\\\/#primaryimage\",\"url\":\"https:\\\/\\\/catedralbcn.org\\\/wp-content\\\/uploads\\\/2022\\\/02\\\/orient.jpg\",\"contentUrl\":\"https:\\\/\\\/catedralbcn.org\\\/wp-content\\\/uploads\\\/2022\\\/02\\\/orient.jpg\",\"width\":760,\"height\":428},{\"@type\":\"BreadcrumbList\",\"@id\":\"https:\\\/\\\/catedralbcn.org\\\/es\\\/del-13-de-enero-al-22-de-mayo-de-2022-exposicion-viaje-a-oriente\\\/#breadcrumb\",\"itemListElement\":[{\"@type\":\"ListItem\",\"position\":1,\"name\":\"Inicio\",\"item\":\"https:\\\/\\\/catedralbcn.org\\\/es\\\/\"},{\"@type\":\"ListItem\",\"position\":2,\"name\":\"Del 13 de enero al 22 de mayo de 2022 | Exposici\u00f3n &#8220;Viaje a Oriente&#8221;\"}]},{\"@type\":\"WebSite\",\"@id\":\"https:\\\/\\\/catedralbcn.org\\\/es\\\/#website\",\"url\":\"https:\\\/\\\/catedralbcn.org\\\/es\\\/\",\"name\":\"SANTA ESGL\u00c9SIA CATEDRAL BAS\u00cdLICA METROPOLITANA DE BARCELONA\",\"description\":\"Catedral de Barcelona\",\"potentialAction\":[{\"@type\":\"SearchAction\",\"target\":{\"@type\":\"EntryPoint\",\"urlTemplate\":\"https:\\\/\\\/catedralbcn.org\\\/es\\\/?s={search_term_string}\"},\"query-input\":{\"@type\":\"PropertyValueSpecification\",\"valueRequired\":true,\"valueName\":\"search_term_string\"}}],\"inLanguage\":\"es\"},{\"@type\":\"Person\",\"@id\":\"https:\\\/\\\/catedralbcn.org\\\/es\\\/#\\\/schema\\\/person\\\/e4bcba4f7a7c5861b2082ef48c92f333\",\"name\":\"gasullac\",\"image\":{\"@type\":\"ImageObject\",\"inLanguage\":\"es\",\"@id\":\"https:\\\/\\\/catedralbcn.org\\\/wp-content\\\/litespeed\\\/avatar\\\/036885330b1eb968dec3c55610e51f09.jpg?ver=1776943230\",\"url\":\"https:\\\/\\\/catedralbcn.org\\\/wp-content\\\/litespeed\\\/avatar\\\/036885330b1eb968dec3c55610e51f09.jpg?ver=1776943230\",\"contentUrl\":\"https:\\\/\\\/catedralbcn.org\\\/wp-content\\\/litespeed\\\/avatar\\\/036885330b1eb968dec3c55610e51f09.jpg?ver=1776943230\",\"caption\":\"gasullac\"},\"sameAs\":[\"https:\\\/\\\/catedralbcn.org\"],\"url\":\"https:\\\/\\\/catedralbcn.org\\\/es\\\/author\\\/gasullac\\\/\"}]}<\/script>\n<!-- \/ Yoast SEO plugin. -->","yoast_head_json":{"title":"Del 13 de enero al 22 de mayo de 2022 | Exposici\u00f3n \"Viaje a Oriente\" - SANTA ESGL\u00c9SIA CATEDRAL BAS\u00cdLICA METROPOLITANA DE BARCELONA","robots":{"index":"index","follow":"follow","max-snippet":"max-snippet:-1","max-image-preview":"max-image-preview:large","max-video-preview":"max-video-preview:-1"},"canonical":"https:\/\/catedralbcn.org\/es\/del-13-de-enero-al-22-de-mayo-de-2022-exposicion-viaje-a-oriente\/","og_locale":"es_ES","og_type":"article","og_title":"Del 13 de enero al 22 de mayo de 2022 | Exposici\u00f3n \"Viaje a Oriente\" - SANTA ESGL\u00c9SIA CATEDRAL BAS\u00cdLICA METROPOLITANA DE BARCELONA","og_description":"Del 13 de enero al 22 de mayo de 2022 En el\u00a0Museu Dioces\u00e0 de Barcelona\u00a0(al lado de la Catedral) y en la Sala Capitular de la Catedral. Presenta la mirada...","og_url":"https:\/\/catedralbcn.org\/es\/del-13-de-enero-al-22-de-mayo-de-2022-exposicion-viaje-a-oriente\/","og_site_name":"SANTA ESGL\u00c9SIA CATEDRAL BAS\u00cdLICA METROPOLITANA DE BARCELONA","article_published_time":"2022-01-30T09:33:29+00:00","article_modified_time":"2022-06-10T11:47:50+00:00","og_image":[{"width":760,"height":428,"url":"https:\/\/catedralbcn.org\/wp-content\/uploads\/2022\/02\/orient.jpg","type":"image\/jpeg"}],"author":"gasullac","twitter_card":"summary_large_image","twitter_misc":{"Escrito por":"gasullac","Tiempo de lectura":"1 minuto"},"schema":{"@context":"https:\/\/schema.org","@graph":[{"@type":"Article","@id":"https:\/\/catedralbcn.org\/es\/del-13-de-enero-al-22-de-mayo-de-2022-exposicion-viaje-a-oriente\/#article","isPartOf":{"@id":"https:\/\/catedralbcn.org\/es\/del-13-de-enero-al-22-de-mayo-de-2022-exposicion-viaje-a-oriente\/"},"author":{"name":"gasullac","@id":"https:\/\/catedralbcn.org\/es\/#\/schema\/person\/e4bcba4f7a7c5861b2082ef48c92f333"},"headline":"Del 13 de enero al 22 de mayo de 2022 | Exposici\u00f3n \u00abViaje a Oriente\u00bb","datePublished":"2022-01-30T09:33:29+00:00","dateModified":"2022-06-10T11:47:50+00:00","mainEntityOfPage":{"@id":"https:\/\/catedralbcn.org\/es\/del-13-de-enero-al-22-de-mayo-de-2022-exposicion-viaje-a-oriente\/"},"wordCount":132,"image":{"@id":"https:\/\/catedralbcn.org\/es\/del-13-de-enero-al-22-de-mayo-de-2022-exposicion-viaje-a-oriente\/#primaryimage"},"thumbnailUrl":"https:\/\/catedralbcn.org\/wp-content\/uploads\/2022\/02\/orient.jpg","articleSection":["Uncategorized @ca"],"inLanguage":"es"},{"@type":"WebPage","@id":"https:\/\/catedralbcn.org\/es\/del-13-de-enero-al-22-de-mayo-de-2022-exposicion-viaje-a-oriente\/","url":"https:\/\/catedralbcn.org\/es\/del-13-de-enero-al-22-de-mayo-de-2022-exposicion-viaje-a-oriente\/","name":"Del 13 de enero al 22 de mayo de 2022 | Exposici\u00f3n \"Viaje a Oriente\" - SANTA ESGL\u00c9SIA CATEDRAL BAS\u00cdLICA METROPOLITANA DE BARCELONA","isPartOf":{"@id":"https:\/\/catedralbcn.org\/es\/#website"},"primaryImageOfPage":{"@id":"https:\/\/catedralbcn.org\/es\/del-13-de-enero-al-22-de-mayo-de-2022-exposicion-viaje-a-oriente\/#primaryimage"},"image":{"@id":"https:\/\/catedralbcn.org\/es\/del-13-de-enero-al-22-de-mayo-de-2022-exposicion-viaje-a-oriente\/#primaryimage"},"thumbnailUrl":"https:\/\/catedralbcn.org\/wp-content\/uploads\/2022\/02\/orient.jpg","datePublished":"2022-01-30T09:33:29+00:00","dateModified":"2022-06-10T11:47:50+00:00","author":{"@id":"https:\/\/catedralbcn.org\/es\/#\/schema\/person\/e4bcba4f7a7c5861b2082ef48c92f333"},"breadcrumb":{"@id":"https:\/\/catedralbcn.org\/es\/del-13-de-enero-al-22-de-mayo-de-2022-exposicion-viaje-a-oriente\/#breadcrumb"},"inLanguage":"es","potentialAction":[{"@type":"ReadAction","target":["https:\/\/catedralbcn.org\/es\/del-13-de-enero-al-22-de-mayo-de-2022-exposicion-viaje-a-oriente\/"]}]},{"@type":"ImageObject","inLanguage":"es","@id":"https:\/\/catedralbcn.org\/es\/del-13-de-enero-al-22-de-mayo-de-2022-exposicion-viaje-a-oriente\/#primaryimage","url":"https:\/\/catedralbcn.org\/wp-content\/uploads\/2022\/02\/orient.jpg","contentUrl":"https:\/\/catedralbcn.org\/wp-content\/uploads\/2022\/02\/orient.jpg","width":760,"height":428},{"@type":"BreadcrumbList","@id":"https:\/\/catedralbcn.org\/es\/del-13-de-enero-al-22-de-mayo-de-2022-exposicion-viaje-a-oriente\/#breadcrumb","itemListElement":[{"@type":"ListItem","position":1,"name":"Inicio","item":"https:\/\/catedralbcn.org\/es\/"},{"@type":"ListItem","position":2,"name":"Del 13 de enero al 22 de mayo de 2022 | Exposici\u00f3n &#8220;Viaje a Oriente&#8221;"}]},{"@type":"WebSite","@id":"https:\/\/catedralbcn.org\/es\/#website","url":"https:\/\/catedralbcn.org\/es\/","name":"SANTA ESGL\u00c9SIA CATEDRAL BAS\u00cdLICA METROPOLITANA DE BARCELONA","description":"Catedral de Barcelona","potentialAction":[{"@type":"SearchAction","target":{"@type":"EntryPoint","urlTemplate":"https:\/\/catedralbcn.org\/es\/?s={search_term_string}"},"query-input":{"@type":"PropertyValueSpecification","valueRequired":true,"valueName":"search_term_string"}}],"inLanguage":"es"},{"@type":"Person","@id":"https:\/\/catedralbcn.org\/es\/#\/schema\/person\/e4bcba4f7a7c5861b2082ef48c92f333","name":"gasullac","image":{"@type":"ImageObject","inLanguage":"es","@id":"https:\/\/catedralbcn.org\/wp-content\/litespeed\/avatar\/036885330b1eb968dec3c55610e51f09.jpg?ver=1776943230","url":"https:\/\/catedralbcn.org\/wp-content\/litespeed\/avatar\/036885330b1eb968dec3c55610e51f09.jpg?ver=1776943230","contentUrl":"https:\/\/catedralbcn.org\/wp-content\/litespeed\/avatar\/036885330b1eb968dec3c55610e51f09.jpg?ver=1776943230","caption":"gasullac"},"sameAs":["https:\/\/catedralbcn.org"],"url":"https:\/\/catedralbcn.org\/es\/author\/gasullac\/"}]}},"_links":{"self":[{"href":"https:\/\/catedralbcn.org\/es\/wp-json\/wp\/v2\/posts\/3400","targetHints":{"allow":["GET"]}}],"collection":[{"href":"https:\/\/catedralbcn.org\/es\/wp-json\/wp\/v2\/posts"}],"about":[{"href":"https:\/\/catedralbcn.org\/es\/wp-json\/wp\/v2\/types\/post"}],"author":[{"embeddable":true,"href":"https:\/\/catedralbcn.org\/es\/wp-json\/wp\/v2\/users\/1"}],"replies":[{"embeddable":true,"href":"https:\/\/catedralbcn.org\/es\/wp-json\/wp\/v2\/comments?post=3400"}],"version-history":[{"count":0,"href":"https:\/\/catedralbcn.org\/es\/wp-json\/wp\/v2\/posts\/3400\/revisions"}],"wp:featuredmedia":[{"embeddable":true,"href":"https:\/\/catedralbcn.org\/es\/wp-json\/wp\/v2\/media\/3321"}],"wp:attachment":[{"href":"https:\/\/catedralbcn.org\/es\/wp-json\/wp\/v2\/media?parent=3400"}],"wp:term":[{"taxonomy":"category","embeddable":true,"href":"https:\/\/catedralbcn.org\/es\/wp-json\/wp\/v2\/categories?post=3400"},{"taxonomy":"post_tag","embeddable":true,"href":"https:\/\/catedralbcn.org\/es\/wp-json\/wp\/v2\/tags?post=3400"}],"curies":[{"name":"wp","href":"https:\/\/api.w.org\/{rel}","templated":true}]}}