{"id":3414,"date":"2022-02-08T08:12:31","date_gmt":"2022-02-08T08:12:31","guid":{"rendered":"https:\/\/catedralbcn.org\/?p=3414"},"modified":"2022-02-08T08:12:31","modified_gmt":"2022-02-08T08:12:31","slug":"12-y-13-de-febrero-eulalia-vida-y-pasion","status":"publish","type":"post","link":"https:\/\/catedralbcn.org\/es\/12-y-13-de-febrero-eulalia-vida-y-pasion\/","title":{"rendered":"12 y 13 de febrero | Eulalia. Vida y pasi\u00f3n"},"content":{"rendered":"<ul>\n<li>En la Catedral de Barcelona (Altar Mayor)<\/li>\n<li>A cargo del Esbart Ciutat Comtal\n<ul>\n<li><i>Direcci\u00f3n y coreograf\u00eda<\/i>: Llu\u00eds Calduch Ramos<\/li>\n<li><i>M\u00fasica<\/i>: Francesc Cass\u00fa Jordi<\/li>\n<li><i>Vestuario<\/i>: Pau Fern\u00e1ndez<\/li>\n<li><i>Dise\u00f1o iluminaci\u00f3n<\/i>: Enric Planas<\/li>\n<\/ul>\n<\/li>\n<li>S\u00e1bado, 12 de febrero a las 21:00 h<\/li>\n<li>Domingo, 13 de febrero a las 16:45 h<\/li>\n<li>Entrada libre<\/li>\n<\/ul>\n","protected":false},"excerpt":{"rendered":"<p>En la Catedral de Barcelona (Altar Mayor) A cargo del Esbart Ciutat Comtal Direcci\u00f3n y coreograf\u00eda: Llu\u00eds Calduch Ramos M\u00fasica: Francesc Cass\u00fa Jordi Vestuario: Pau Fern\u00e1ndez Dise\u00f1o iluminaci\u00f3n: Enric Planas&#8230;<\/p>\n","protected":false},"author":1,"featured_media":3345,"comment_status":"closed","ping_status":"closed","sticky":false,"template":"","format":"standard","meta":{"xn-wppe-expiration":[],"xn-wppe-expiration-action":[],"xn-wppe-expiration-prefix":[],"footnotes":"","_links_to":"","_links_to_target":""},"categories":[1],"tags":[],"class_list":{"0":"post-3414","1":"post","2":"type-post","3":"status-publish","4":"format-standard","5":"has-post-thumbnail","7":"category-uncategorized-ca"},"yoast_head":"<!-- This site is optimized with the Yoast SEO plugin v27.3 - https:\/\/yoast.com\/product\/yoast-seo-wordpress\/ -->\n<title>12 y 13 de febrero | Eulalia. Vida y pasi\u00f3n - SANTA ESGL\u00c9SIA CATEDRAL BAS\u00cdLICA METROPOLITANA DE BARCELONA<\/title>\n<meta name=\"robots\" content=\"index, follow, max-snippet:-1, max-image-preview:large, max-video-preview:-1\" \/>\n<link rel=\"canonical\" href=\"https:\/\/catedralbcn.org\/es\/12-y-13-de-febrero-eulalia-vida-y-pasion\/\" \/>\n<meta property=\"og:locale\" content=\"es_ES\" \/>\n<meta property=\"og:type\" content=\"article\" \/>\n<meta property=\"og:title\" content=\"12 y 13 de febrero | Eulalia. Vida y pasi\u00f3n - SANTA ESGL\u00c9SIA CATEDRAL BAS\u00cdLICA METROPOLITANA DE BARCELONA\" \/>\n<meta property=\"og:description\" content=\"En la Catedral de Barcelona (Altar Mayor) A cargo del Esbart Ciutat Comtal Direcci\u00f3n y coreograf\u00eda: Llu\u00eds Calduch Ramos M\u00fasica: Francesc Cass\u00fa Jordi Vestuario: Pau Fern\u00e1ndez Dise\u00f1o iluminaci\u00f3n: Enric Planas...\" \/>\n<meta property=\"og:url\" content=\"https:\/\/catedralbcn.org\/es\/12-y-13-de-febrero-eulalia-vida-y-pasion\/\" \/>\n<meta property=\"og:site_name\" content=\"SANTA ESGL\u00c9SIA CATEDRAL BAS\u00cdLICA METROPOLITANA DE BARCELONA\" \/>\n<meta property=\"article:published_time\" content=\"2022-02-08T08:12:31+00:00\" \/>\n<meta property=\"og:image\" content=\"https:\/\/catedralbcn.org\/wp-content\/uploads\/2022\/02\/santa-eulalia-1.jpg\" \/>\n\t<meta property=\"og:image:width\" content=\"1200\" \/>\n\t<meta property=\"og:image:height\" content=\"800\" \/>\n\t<meta property=\"og:image:type\" content=\"image\/jpeg\" \/>\n<meta name=\"author\" content=\"gasullac\" \/>\n<meta name=\"twitter:card\" content=\"summary_large_image\" \/>\n<meta name=\"twitter:label1\" content=\"Escrito por\" \/>\n\t<meta name=\"twitter:data1\" content=\"gasullac\" \/>\n<script type=\"application\/ld+json\" class=\"yoast-schema-graph\">{\"@context\":\"https:\\\/\\\/schema.org\",\"@graph\":[{\"@type\":\"Article\",\"@id\":\"https:\\\/\\\/catedralbcn.org\\\/es\\\/12-y-13-de-febrero-eulalia-vida-y-pasion\\\/#article\",\"isPartOf\":{\"@id\":\"https:\\\/\\\/catedralbcn.org\\\/es\\\/12-y-13-de-febrero-eulalia-vida-y-pasion\\\/\"},\"author\":{\"name\":\"gasullac\",\"@id\":\"https:\\\/\\\/catedralbcn.org\\\/es\\\/#\\\/schema\\\/person\\\/e4bcba4f7a7c5861b2082ef48c92f333\"},\"headline\":\"12 y 13 de febrero | Eulalia. Vida y pasi\u00f3n\",\"datePublished\":\"2022-02-08T08:12:31+00:00\",\"mainEntityOfPage\":{\"@id\":\"https:\\\/\\\/catedralbcn.org\\\/es\\\/12-y-13-de-febrero-eulalia-vida-y-pasion\\\/\"},\"wordCount\":60,\"image\":{\"@id\":\"https:\\\/\\\/catedralbcn.org\\\/es\\\/12-y-13-de-febrero-eulalia-vida-y-pasion\\\/#primaryimage\"},\"thumbnailUrl\":\"https:\\\/\\\/catedralbcn.org\\\/wp-content\\\/uploads\\\/2022\\\/02\\\/santa-eulalia-1.jpg\",\"articleSection\":[\"Uncategorized @ca\"],\"inLanguage\":\"es\"},{\"@type\":\"WebPage\",\"@id\":\"https:\\\/\\\/catedralbcn.org\\\/es\\\/12-y-13-de-febrero-eulalia-vida-y-pasion\\\/\",\"url\":\"https:\\\/\\\/catedralbcn.org\\\/es\\\/12-y-13-de-febrero-eulalia-vida-y-pasion\\\/\",\"name\":\"12 y 13 de febrero | Eulalia. Vida y pasi\u00f3n - SANTA ESGL\u00c9SIA CATEDRAL BAS\u00cdLICA METROPOLITANA DE BARCELONA\",\"isPartOf\":{\"@id\":\"https:\\\/\\\/catedralbcn.org\\\/es\\\/#website\"},\"primaryImageOfPage\":{\"@id\":\"https:\\\/\\\/catedralbcn.org\\\/es\\\/12-y-13-de-febrero-eulalia-vida-y-pasion\\\/#primaryimage\"},\"image\":{\"@id\":\"https:\\\/\\\/catedralbcn.org\\\/es\\\/12-y-13-de-febrero-eulalia-vida-y-pasion\\\/#primaryimage\"},\"thumbnailUrl\":\"https:\\\/\\\/catedralbcn.org\\\/wp-content\\\/uploads\\\/2022\\\/02\\\/santa-eulalia-1.jpg\",\"datePublished\":\"2022-02-08T08:12:31+00:00\",\"author\":{\"@id\":\"https:\\\/\\\/catedralbcn.org\\\/es\\\/#\\\/schema\\\/person\\\/e4bcba4f7a7c5861b2082ef48c92f333\"},\"breadcrumb\":{\"@id\":\"https:\\\/\\\/catedralbcn.org\\\/es\\\/12-y-13-de-febrero-eulalia-vida-y-pasion\\\/#breadcrumb\"},\"inLanguage\":\"es\",\"potentialAction\":[{\"@type\":\"ReadAction\",\"target\":[\"https:\\\/\\\/catedralbcn.org\\\/es\\\/12-y-13-de-febrero-eulalia-vida-y-pasion\\\/\"]}]},{\"@type\":\"ImageObject\",\"inLanguage\":\"es\",\"@id\":\"https:\\\/\\\/catedralbcn.org\\\/es\\\/12-y-13-de-febrero-eulalia-vida-y-pasion\\\/#primaryimage\",\"url\":\"https:\\\/\\\/catedralbcn.org\\\/wp-content\\\/uploads\\\/2022\\\/02\\\/santa-eulalia-1.jpg\",\"contentUrl\":\"https:\\\/\\\/catedralbcn.org\\\/wp-content\\\/uploads\\\/2022\\\/02\\\/santa-eulalia-1.jpg\",\"width\":1200,\"height\":800},{\"@type\":\"BreadcrumbList\",\"@id\":\"https:\\\/\\\/catedralbcn.org\\\/es\\\/12-y-13-de-febrero-eulalia-vida-y-pasion\\\/#breadcrumb\",\"itemListElement\":[{\"@type\":\"ListItem\",\"position\":1,\"name\":\"Inicio\",\"item\":\"https:\\\/\\\/catedralbcn.org\\\/es\\\/\"},{\"@type\":\"ListItem\",\"position\":2,\"name\":\"12 y 13 de febrero | Eulalia. Vida y pasi\u00f3n\"}]},{\"@type\":\"WebSite\",\"@id\":\"https:\\\/\\\/catedralbcn.org\\\/es\\\/#website\",\"url\":\"https:\\\/\\\/catedralbcn.org\\\/es\\\/\",\"name\":\"SANTA ESGL\u00c9SIA CATEDRAL BAS\u00cdLICA METROPOLITANA DE BARCELONA\",\"description\":\"Catedral de Barcelona\",\"potentialAction\":[{\"@type\":\"SearchAction\",\"target\":{\"@type\":\"EntryPoint\",\"urlTemplate\":\"https:\\\/\\\/catedralbcn.org\\\/es\\\/?s={search_term_string}\"},\"query-input\":{\"@type\":\"PropertyValueSpecification\",\"valueRequired\":true,\"valueName\":\"search_term_string\"}}],\"inLanguage\":\"es\"},{\"@type\":\"Person\",\"@id\":\"https:\\\/\\\/catedralbcn.org\\\/es\\\/#\\\/schema\\\/person\\\/e4bcba4f7a7c5861b2082ef48c92f333\",\"name\":\"gasullac\",\"image\":{\"@type\":\"ImageObject\",\"inLanguage\":\"es\",\"@id\":\"https:\\\/\\\/catedralbcn.org\\\/wp-content\\\/litespeed\\\/avatar\\\/036885330b1eb968dec3c55610e51f09.jpg?ver=1776943230\",\"url\":\"https:\\\/\\\/catedralbcn.org\\\/wp-content\\\/litespeed\\\/avatar\\\/036885330b1eb968dec3c55610e51f09.jpg?ver=1776943230\",\"contentUrl\":\"https:\\\/\\\/catedralbcn.org\\\/wp-content\\\/litespeed\\\/avatar\\\/036885330b1eb968dec3c55610e51f09.jpg?ver=1776943230\",\"caption\":\"gasullac\"},\"sameAs\":[\"https:\\\/\\\/catedralbcn.org\"],\"url\":\"https:\\\/\\\/catedralbcn.org\\\/es\\\/author\\\/gasullac\\\/\"}]}<\/script>\n<!-- \/ Yoast SEO plugin. -->","yoast_head_json":{"title":"12 y 13 de febrero | Eulalia. Vida y pasi\u00f3n - SANTA ESGL\u00c9SIA CATEDRAL BAS\u00cdLICA METROPOLITANA DE BARCELONA","robots":{"index":"index","follow":"follow","max-snippet":"max-snippet:-1","max-image-preview":"max-image-preview:large","max-video-preview":"max-video-preview:-1"},"canonical":"https:\/\/catedralbcn.org\/es\/12-y-13-de-febrero-eulalia-vida-y-pasion\/","og_locale":"es_ES","og_type":"article","og_title":"12 y 13 de febrero | Eulalia. Vida y pasi\u00f3n - SANTA ESGL\u00c9SIA CATEDRAL BAS\u00cdLICA METROPOLITANA DE BARCELONA","og_description":"En la Catedral de Barcelona (Altar Mayor) A cargo del Esbart Ciutat Comtal Direcci\u00f3n y coreograf\u00eda: Llu\u00eds Calduch Ramos M\u00fasica: Francesc Cass\u00fa Jordi Vestuario: Pau Fern\u00e1ndez Dise\u00f1o iluminaci\u00f3n: Enric Planas...","og_url":"https:\/\/catedralbcn.org\/es\/12-y-13-de-febrero-eulalia-vida-y-pasion\/","og_site_name":"SANTA ESGL\u00c9SIA CATEDRAL BAS\u00cdLICA METROPOLITANA DE BARCELONA","article_published_time":"2022-02-08T08:12:31+00:00","og_image":[{"width":1200,"height":800,"url":"https:\/\/catedralbcn.org\/wp-content\/uploads\/2022\/02\/santa-eulalia-1.jpg","type":"image\/jpeg"}],"author":"gasullac","twitter_card":"summary_large_image","twitter_misc":{"Escrito por":"gasullac"},"schema":{"@context":"https:\/\/schema.org","@graph":[{"@type":"Article","@id":"https:\/\/catedralbcn.org\/es\/12-y-13-de-febrero-eulalia-vida-y-pasion\/#article","isPartOf":{"@id":"https:\/\/catedralbcn.org\/es\/12-y-13-de-febrero-eulalia-vida-y-pasion\/"},"author":{"name":"gasullac","@id":"https:\/\/catedralbcn.org\/es\/#\/schema\/person\/e4bcba4f7a7c5861b2082ef48c92f333"},"headline":"12 y 13 de febrero | Eulalia. Vida y pasi\u00f3n","datePublished":"2022-02-08T08:12:31+00:00","mainEntityOfPage":{"@id":"https:\/\/catedralbcn.org\/es\/12-y-13-de-febrero-eulalia-vida-y-pasion\/"},"wordCount":60,"image":{"@id":"https:\/\/catedralbcn.org\/es\/12-y-13-de-febrero-eulalia-vida-y-pasion\/#primaryimage"},"thumbnailUrl":"https:\/\/catedralbcn.org\/wp-content\/uploads\/2022\/02\/santa-eulalia-1.jpg","articleSection":["Uncategorized @ca"],"inLanguage":"es"},{"@type":"WebPage","@id":"https:\/\/catedralbcn.org\/es\/12-y-13-de-febrero-eulalia-vida-y-pasion\/","url":"https:\/\/catedralbcn.org\/es\/12-y-13-de-febrero-eulalia-vida-y-pasion\/","name":"12 y 13 de febrero | Eulalia. Vida y pasi\u00f3n - SANTA ESGL\u00c9SIA CATEDRAL BAS\u00cdLICA METROPOLITANA DE BARCELONA","isPartOf":{"@id":"https:\/\/catedralbcn.org\/es\/#website"},"primaryImageOfPage":{"@id":"https:\/\/catedralbcn.org\/es\/12-y-13-de-febrero-eulalia-vida-y-pasion\/#primaryimage"},"image":{"@id":"https:\/\/catedralbcn.org\/es\/12-y-13-de-febrero-eulalia-vida-y-pasion\/#primaryimage"},"thumbnailUrl":"https:\/\/catedralbcn.org\/wp-content\/uploads\/2022\/02\/santa-eulalia-1.jpg","datePublished":"2022-02-08T08:12:31+00:00","author":{"@id":"https:\/\/catedralbcn.org\/es\/#\/schema\/person\/e4bcba4f7a7c5861b2082ef48c92f333"},"breadcrumb":{"@id":"https:\/\/catedralbcn.org\/es\/12-y-13-de-febrero-eulalia-vida-y-pasion\/#breadcrumb"},"inLanguage":"es","potentialAction":[{"@type":"ReadAction","target":["https:\/\/catedralbcn.org\/es\/12-y-13-de-febrero-eulalia-vida-y-pasion\/"]}]},{"@type":"ImageObject","inLanguage":"es","@id":"https:\/\/catedralbcn.org\/es\/12-y-13-de-febrero-eulalia-vida-y-pasion\/#primaryimage","url":"https:\/\/catedralbcn.org\/wp-content\/uploads\/2022\/02\/santa-eulalia-1.jpg","contentUrl":"https:\/\/catedralbcn.org\/wp-content\/uploads\/2022\/02\/santa-eulalia-1.jpg","width":1200,"height":800},{"@type":"BreadcrumbList","@id":"https:\/\/catedralbcn.org\/es\/12-y-13-de-febrero-eulalia-vida-y-pasion\/#breadcrumb","itemListElement":[{"@type":"ListItem","position":1,"name":"Inicio","item":"https:\/\/catedralbcn.org\/es\/"},{"@type":"ListItem","position":2,"name":"12 y 13 de febrero | Eulalia. Vida y pasi\u00f3n"}]},{"@type":"WebSite","@id":"https:\/\/catedralbcn.org\/es\/#website","url":"https:\/\/catedralbcn.org\/es\/","name":"SANTA ESGL\u00c9SIA CATEDRAL BAS\u00cdLICA METROPOLITANA DE BARCELONA","description":"Catedral de Barcelona","potentialAction":[{"@type":"SearchAction","target":{"@type":"EntryPoint","urlTemplate":"https:\/\/catedralbcn.org\/es\/?s={search_term_string}"},"query-input":{"@type":"PropertyValueSpecification","valueRequired":true,"valueName":"search_term_string"}}],"inLanguage":"es"},{"@type":"Person","@id":"https:\/\/catedralbcn.org\/es\/#\/schema\/person\/e4bcba4f7a7c5861b2082ef48c92f333","name":"gasullac","image":{"@type":"ImageObject","inLanguage":"es","@id":"https:\/\/catedralbcn.org\/wp-content\/litespeed\/avatar\/036885330b1eb968dec3c55610e51f09.jpg?ver=1776943230","url":"https:\/\/catedralbcn.org\/wp-content\/litespeed\/avatar\/036885330b1eb968dec3c55610e51f09.jpg?ver=1776943230","contentUrl":"https:\/\/catedralbcn.org\/wp-content\/litespeed\/avatar\/036885330b1eb968dec3c55610e51f09.jpg?ver=1776943230","caption":"gasullac"},"sameAs":["https:\/\/catedralbcn.org"],"url":"https:\/\/catedralbcn.org\/es\/author\/gasullac\/"}]}},"_links":{"self":[{"href":"https:\/\/catedralbcn.org\/es\/wp-json\/wp\/v2\/posts\/3414","targetHints":{"allow":["GET"]}}],"collection":[{"href":"https:\/\/catedralbcn.org\/es\/wp-json\/wp\/v2\/posts"}],"about":[{"href":"https:\/\/catedralbcn.org\/es\/wp-json\/wp\/v2\/types\/post"}],"author":[{"embeddable":true,"href":"https:\/\/catedralbcn.org\/es\/wp-json\/wp\/v2\/users\/1"}],"replies":[{"embeddable":true,"href":"https:\/\/catedralbcn.org\/es\/wp-json\/wp\/v2\/comments?post=3414"}],"version-history":[{"count":0,"href":"https:\/\/catedralbcn.org\/es\/wp-json\/wp\/v2\/posts\/3414\/revisions"}],"wp:featuredmedia":[{"embeddable":true,"href":"https:\/\/catedralbcn.org\/es\/wp-json\/wp\/v2\/media\/3345"}],"wp:attachment":[{"href":"https:\/\/catedralbcn.org\/es\/wp-json\/wp\/v2\/media?parent=3414"}],"wp:term":[{"taxonomy":"category","embeddable":true,"href":"https:\/\/catedralbcn.org\/es\/wp-json\/wp\/v2\/categories?post=3414"},{"taxonomy":"post_tag","embeddable":true,"href":"https:\/\/catedralbcn.org\/es\/wp-json\/wp\/v2\/tags?post=3414"}],"curies":[{"name":"wp","href":"https:\/\/api.w.org\/{rel}","templated":true}]}}