{"id":4369,"date":"2022-01-30T09:50:17","date_gmt":"2022-01-30T09:50:17","guid":{"rendered":"https:\/\/catedralbcn.org\/?p=4369"},"modified":"2022-04-16T07:10:49","modified_gmt":"2022-04-16T07:10:49","slug":"15-de-abril-viernes-santo-en-la-pasion-del-senor","status":"publish","type":"post","link":"https:\/\/catedralbcn.org\/es\/15-de-abril-viernes-santo-en-la-pasion-del-senor\/","title":{"rendered":"15 de abril | Viernes Santo en la Pasi\u00f3n del Se\u00f1or"},"content":{"rendered":"<ul>\n<li><strong>10:00h<\/strong> Oficio de lectura y laudes con la participaci\u00f3n del Cor de Cambra Francesc Valls<\/li>\n<li><strong>15:00h <\/strong>Serm\u00f3n de las Siete Palabras delante del Santo Cristo de Lepanto en la Avenida de la Catedral, predicado por Mn. Joan Rodr\u00edguez, can\u00f3nigo del Cabildo de la Catedral. Radio Estel retransmite el serm\u00f3n en directo<\/li>\n<li><strong>17:00h<\/strong> Celebraci\u00f3n lit\u00fargica de la pasi\u00f3n y muerte del Se\u00f1or (Lectura de la pasi\u00f3n seg\u00fan San Juan, veneraci\u00f3n de la Cruz y comuni\u00f3n), presidida por el Cardenal Juan Jos\u00e9 Omella, Arzobispo de Barcelona, con el Cor de Cambra Francesc Valls. Radio Estel retransmite el acto lit\u00fargico en directo (106,6 F.M. Barcelona)<\/li>\n<li><strong>19:00h<\/strong>\u00a0Via Crucis por la Avenida de la Catedral, con la participaci\u00f3n del <em>Cos de Portants<\/em>, y veneraci\u00f3n del Santo Cristo al final, en el interior.<\/li>\n<li>Este d\u00eda no hay ninguna celebraci\u00f3n de la eucarist\u00eda<\/li>\n<li>Hoy no hay visita tur\u00edstica<\/li>\n<\/ul>\n","protected":false},"excerpt":{"rendered":"<p>10:00h Oficio de lectura y laudes con la participaci\u00f3n del Cor de Cambra Francesc Valls 15:00h Serm\u00f3n de las Siete Palabras delante del Santo Cristo de Lepanto en la Avenida&#8230;<\/p>\n","protected":false},"author":3,"featured_media":4339,"comment_status":"closed","ping_status":"closed","sticky":false,"template":"","format":"standard","meta":{"xn-wppe-expiration":[],"xn-wppe-expiration-action":[],"xn-wppe-expiration-prefix":[],"footnotes":"","_links_to":"","_links_to_target":""},"categories":[1],"tags":[],"class_list":{"0":"post-4369","1":"post","2":"type-post","3":"status-publish","4":"format-standard","5":"has-post-thumbnail","7":"category-uncategorized-ca"},"yoast_head":"<!-- This site is optimized with the Yoast SEO plugin v27.3 - https:\/\/yoast.com\/product\/yoast-seo-wordpress\/ -->\n<title>15 de abril | Viernes Santo en la Pasi\u00f3n del Se\u00f1or - SANTA ESGL\u00c9SIA CATEDRAL BAS\u00cdLICA METROPOLITANA DE BARCELONA<\/title>\n<meta name=\"robots\" content=\"index, follow, max-snippet:-1, max-image-preview:large, max-video-preview:-1\" \/>\n<link rel=\"canonical\" href=\"https:\/\/catedralbcn.org\/es\/15-de-abril-viernes-santo-en-la-pasion-del-senor\/\" \/>\n<meta property=\"og:locale\" content=\"es_ES\" \/>\n<meta property=\"og:type\" content=\"article\" \/>\n<meta property=\"og:title\" content=\"15 de abril | Viernes Santo en la Pasi\u00f3n del Se\u00f1or - SANTA ESGL\u00c9SIA CATEDRAL BAS\u00cdLICA METROPOLITANA DE BARCELONA\" \/>\n<meta property=\"og:description\" content=\"10:00h Oficio de lectura y laudes con la participaci\u00f3n del Cor de Cambra Francesc Valls 15:00h Serm\u00f3n de las Siete Palabras delante del Santo Cristo de Lepanto en la Avenida...\" \/>\n<meta property=\"og:url\" content=\"https:\/\/catedralbcn.org\/es\/15-de-abril-viernes-santo-en-la-pasion-del-senor\/\" \/>\n<meta property=\"og:site_name\" content=\"SANTA ESGL\u00c9SIA CATEDRAL BAS\u00cdLICA METROPOLITANA DE BARCELONA\" \/>\n<meta property=\"article:published_time\" content=\"2022-01-30T09:50:17+00:00\" \/>\n<meta property=\"article:modified_time\" content=\"2022-04-16T07:10:49+00:00\" \/>\n<meta property=\"og:image\" content=\"https:\/\/catedralbcn.org\/wp-content\/uploads\/2022\/04\/Divendres-Sant2019-04-19_\ufffc0842.jpg\" \/>\n\t<meta property=\"og:image:width\" content=\"1600\" \/>\n\t<meta property=\"og:image:height\" content=\"1067\" \/>\n\t<meta property=\"og:image:type\" content=\"image\/jpeg\" \/>\n<meta name=\"author\" content=\"Catedral de Barcelona\" \/>\n<meta name=\"twitter:card\" content=\"summary_large_image\" \/>\n<meta name=\"twitter:label1\" content=\"Escrito por\" \/>\n\t<meta name=\"twitter:data1\" content=\"Catedral de Barcelona\" \/>\n\t<meta name=\"twitter:label2\" content=\"Tiempo de lectura\" \/>\n\t<meta name=\"twitter:data2\" content=\"1 minuto\" \/>\n<script type=\"application\/ld+json\" class=\"yoast-schema-graph\">{\"@context\":\"https:\\\/\\\/schema.org\",\"@graph\":[{\"@type\":\"Article\",\"@id\":\"https:\\\/\\\/catedralbcn.org\\\/es\\\/15-de-abril-viernes-santo-en-la-pasion-del-senor\\\/#article\",\"isPartOf\":{\"@id\":\"https:\\\/\\\/catedralbcn.org\\\/es\\\/15-de-abril-viernes-santo-en-la-pasion-del-senor\\\/\"},\"author\":{\"name\":\"Catedral de Barcelona\",\"@id\":\"https:\\\/\\\/catedralbcn.org\\\/es\\\/#\\\/schema\\\/person\\\/5bf99d49bb5301f1d80378f07471f188\"},\"headline\":\"15 de abril | Viernes Santo en la Pasi\u00f3n del Se\u00f1or\",\"datePublished\":\"2022-01-30T09:50:17+00:00\",\"dateModified\":\"2022-04-16T07:10:49+00:00\",\"mainEntityOfPage\":{\"@id\":\"https:\\\/\\\/catedralbcn.org\\\/es\\\/15-de-abril-viernes-santo-en-la-pasion-del-senor\\\/\"},\"wordCount\":173,\"image\":{\"@id\":\"https:\\\/\\\/catedralbcn.org\\\/es\\\/15-de-abril-viernes-santo-en-la-pasion-del-senor\\\/#primaryimage\"},\"thumbnailUrl\":\"https:\\\/\\\/catedralbcn.org\\\/wp-content\\\/uploads\\\/2022\\\/04\\\/Divendres-Sant2019-04-19_\ufffc0842.jpg\",\"articleSection\":[\"Uncategorized @ca\"],\"inLanguage\":\"es\"},{\"@type\":\"WebPage\",\"@id\":\"https:\\\/\\\/catedralbcn.org\\\/es\\\/15-de-abril-viernes-santo-en-la-pasion-del-senor\\\/\",\"url\":\"https:\\\/\\\/catedralbcn.org\\\/es\\\/15-de-abril-viernes-santo-en-la-pasion-del-senor\\\/\",\"name\":\"15 de abril | Viernes Santo en la Pasi\u00f3n del Se\u00f1or - SANTA ESGL\u00c9SIA CATEDRAL BAS\u00cdLICA METROPOLITANA DE BARCELONA\",\"isPartOf\":{\"@id\":\"https:\\\/\\\/catedralbcn.org\\\/es\\\/#website\"},\"primaryImageOfPage\":{\"@id\":\"https:\\\/\\\/catedralbcn.org\\\/es\\\/15-de-abril-viernes-santo-en-la-pasion-del-senor\\\/#primaryimage\"},\"image\":{\"@id\":\"https:\\\/\\\/catedralbcn.org\\\/es\\\/15-de-abril-viernes-santo-en-la-pasion-del-senor\\\/#primaryimage\"},\"thumbnailUrl\":\"https:\\\/\\\/catedralbcn.org\\\/wp-content\\\/uploads\\\/2022\\\/04\\\/Divendres-Sant2019-04-19_\ufffc0842.jpg\",\"datePublished\":\"2022-01-30T09:50:17+00:00\",\"dateModified\":\"2022-04-16T07:10:49+00:00\",\"author\":{\"@id\":\"https:\\\/\\\/catedralbcn.org\\\/es\\\/#\\\/schema\\\/person\\\/5bf99d49bb5301f1d80378f07471f188\"},\"breadcrumb\":{\"@id\":\"https:\\\/\\\/catedralbcn.org\\\/es\\\/15-de-abril-viernes-santo-en-la-pasion-del-senor\\\/#breadcrumb\"},\"inLanguage\":\"es\",\"potentialAction\":[{\"@type\":\"ReadAction\",\"target\":[\"https:\\\/\\\/catedralbcn.org\\\/es\\\/15-de-abril-viernes-santo-en-la-pasion-del-senor\\\/\"]}]},{\"@type\":\"ImageObject\",\"inLanguage\":\"es\",\"@id\":\"https:\\\/\\\/catedralbcn.org\\\/es\\\/15-de-abril-viernes-santo-en-la-pasion-del-senor\\\/#primaryimage\",\"url\":\"https:\\\/\\\/catedralbcn.org\\\/wp-content\\\/uploads\\\/2022\\\/04\\\/Divendres-Sant2019-04-19_\ufffc0842.jpg\",\"contentUrl\":\"https:\\\/\\\/catedralbcn.org\\\/wp-content\\\/uploads\\\/2022\\\/04\\\/Divendres-Sant2019-04-19_\ufffc0842.jpg\",\"width\":1600,\"height\":1067},{\"@type\":\"BreadcrumbList\",\"@id\":\"https:\\\/\\\/catedralbcn.org\\\/es\\\/15-de-abril-viernes-santo-en-la-pasion-del-senor\\\/#breadcrumb\",\"itemListElement\":[{\"@type\":\"ListItem\",\"position\":1,\"name\":\"Inicio\",\"item\":\"https:\\\/\\\/catedralbcn.org\\\/es\\\/\"},{\"@type\":\"ListItem\",\"position\":2,\"name\":\"15 de abril | Viernes Santo en la Pasi\u00f3n del Se\u00f1or\"}]},{\"@type\":\"WebSite\",\"@id\":\"https:\\\/\\\/catedralbcn.org\\\/es\\\/#website\",\"url\":\"https:\\\/\\\/catedralbcn.org\\\/es\\\/\",\"name\":\"SANTA ESGL\u00c9SIA CATEDRAL BAS\u00cdLICA METROPOLITANA DE BARCELONA\",\"description\":\"Catedral de Barcelona\",\"potentialAction\":[{\"@type\":\"SearchAction\",\"target\":{\"@type\":\"EntryPoint\",\"urlTemplate\":\"https:\\\/\\\/catedralbcn.org\\\/es\\\/?s={search_term_string}\"},\"query-input\":{\"@type\":\"PropertyValueSpecification\",\"valueRequired\":true,\"valueName\":\"search_term_string\"}}],\"inLanguage\":\"es\"},{\"@type\":\"Person\",\"@id\":\"https:\\\/\\\/catedralbcn.org\\\/es\\\/#\\\/schema\\\/person\\\/5bf99d49bb5301f1d80378f07471f188\",\"name\":\"Catedral de Barcelona\",\"image\":{\"@type\":\"ImageObject\",\"inLanguage\":\"es\",\"@id\":\"https:\\\/\\\/catedralbcn.org\\\/wp-content\\\/litespeed\\\/avatar\\\/7054f04e13d5379cf3f2632deb8b9a21.jpg?ver=1776941678\",\"url\":\"https:\\\/\\\/catedralbcn.org\\\/wp-content\\\/litespeed\\\/avatar\\\/7054f04e13d5379cf3f2632deb8b9a21.jpg?ver=1776941678\",\"contentUrl\":\"https:\\\/\\\/catedralbcn.org\\\/wp-content\\\/litespeed\\\/avatar\\\/7054f04e13d5379cf3f2632deb8b9a21.jpg?ver=1776941678\",\"caption\":\"Catedral de Barcelona\"},\"url\":\"https:\\\/\\\/catedralbcn.org\\\/es\\\/author\\\/secretariacatedralbcn-org\\\/\"}]}<\/script>\n<!-- \/ Yoast SEO plugin. -->","yoast_head_json":{"title":"15 de abril | Viernes Santo en la Pasi\u00f3n del Se\u00f1or - SANTA ESGL\u00c9SIA CATEDRAL BAS\u00cdLICA METROPOLITANA DE BARCELONA","robots":{"index":"index","follow":"follow","max-snippet":"max-snippet:-1","max-image-preview":"max-image-preview:large","max-video-preview":"max-video-preview:-1"},"canonical":"https:\/\/catedralbcn.org\/es\/15-de-abril-viernes-santo-en-la-pasion-del-senor\/","og_locale":"es_ES","og_type":"article","og_title":"15 de abril | Viernes Santo en la Pasi\u00f3n del Se\u00f1or - SANTA ESGL\u00c9SIA CATEDRAL BAS\u00cdLICA METROPOLITANA DE BARCELONA","og_description":"10:00h Oficio de lectura y laudes con la participaci\u00f3n del Cor de Cambra Francesc Valls 15:00h Serm\u00f3n de las Siete Palabras delante del Santo Cristo de Lepanto en la Avenida...","og_url":"https:\/\/catedralbcn.org\/es\/15-de-abril-viernes-santo-en-la-pasion-del-senor\/","og_site_name":"SANTA ESGL\u00c9SIA CATEDRAL BAS\u00cdLICA METROPOLITANA DE BARCELONA","article_published_time":"2022-01-30T09:50:17+00:00","article_modified_time":"2022-04-16T07:10:49+00:00","og_image":[{"width":1600,"height":1067,"url":"https:\/\/catedralbcn.org\/wp-content\/uploads\/2022\/04\/Divendres-Sant2019-04-19_\ufffc0842.jpg","type":"image\/jpeg"}],"author":"Catedral de Barcelona","twitter_card":"summary_large_image","twitter_misc":{"Escrito por":"Catedral de Barcelona","Tiempo de lectura":"1 minuto"},"schema":{"@context":"https:\/\/schema.org","@graph":[{"@type":"Article","@id":"https:\/\/catedralbcn.org\/es\/15-de-abril-viernes-santo-en-la-pasion-del-senor\/#article","isPartOf":{"@id":"https:\/\/catedralbcn.org\/es\/15-de-abril-viernes-santo-en-la-pasion-del-senor\/"},"author":{"name":"Catedral de Barcelona","@id":"https:\/\/catedralbcn.org\/es\/#\/schema\/person\/5bf99d49bb5301f1d80378f07471f188"},"headline":"15 de abril | Viernes Santo en la Pasi\u00f3n del Se\u00f1or","datePublished":"2022-01-30T09:50:17+00:00","dateModified":"2022-04-16T07:10:49+00:00","mainEntityOfPage":{"@id":"https:\/\/catedralbcn.org\/es\/15-de-abril-viernes-santo-en-la-pasion-del-senor\/"},"wordCount":173,"image":{"@id":"https:\/\/catedralbcn.org\/es\/15-de-abril-viernes-santo-en-la-pasion-del-senor\/#primaryimage"},"thumbnailUrl":"https:\/\/catedralbcn.org\/wp-content\/uploads\/2022\/04\/Divendres-Sant2019-04-19_\ufffc0842.jpg","articleSection":["Uncategorized @ca"],"inLanguage":"es"},{"@type":"WebPage","@id":"https:\/\/catedralbcn.org\/es\/15-de-abril-viernes-santo-en-la-pasion-del-senor\/","url":"https:\/\/catedralbcn.org\/es\/15-de-abril-viernes-santo-en-la-pasion-del-senor\/","name":"15 de abril | Viernes Santo en la Pasi\u00f3n del Se\u00f1or - SANTA ESGL\u00c9SIA CATEDRAL BAS\u00cdLICA METROPOLITANA DE BARCELONA","isPartOf":{"@id":"https:\/\/catedralbcn.org\/es\/#website"},"primaryImageOfPage":{"@id":"https:\/\/catedralbcn.org\/es\/15-de-abril-viernes-santo-en-la-pasion-del-senor\/#primaryimage"},"image":{"@id":"https:\/\/catedralbcn.org\/es\/15-de-abril-viernes-santo-en-la-pasion-del-senor\/#primaryimage"},"thumbnailUrl":"https:\/\/catedralbcn.org\/wp-content\/uploads\/2022\/04\/Divendres-Sant2019-04-19_\ufffc0842.jpg","datePublished":"2022-01-30T09:50:17+00:00","dateModified":"2022-04-16T07:10:49+00:00","author":{"@id":"https:\/\/catedralbcn.org\/es\/#\/schema\/person\/5bf99d49bb5301f1d80378f07471f188"},"breadcrumb":{"@id":"https:\/\/catedralbcn.org\/es\/15-de-abril-viernes-santo-en-la-pasion-del-senor\/#breadcrumb"},"inLanguage":"es","potentialAction":[{"@type":"ReadAction","target":["https:\/\/catedralbcn.org\/es\/15-de-abril-viernes-santo-en-la-pasion-del-senor\/"]}]},{"@type":"ImageObject","inLanguage":"es","@id":"https:\/\/catedralbcn.org\/es\/15-de-abril-viernes-santo-en-la-pasion-del-senor\/#primaryimage","url":"https:\/\/catedralbcn.org\/wp-content\/uploads\/2022\/04\/Divendres-Sant2019-04-19_\ufffc0842.jpg","contentUrl":"https:\/\/catedralbcn.org\/wp-content\/uploads\/2022\/04\/Divendres-Sant2019-04-19_\ufffc0842.jpg","width":1600,"height":1067},{"@type":"BreadcrumbList","@id":"https:\/\/catedralbcn.org\/es\/15-de-abril-viernes-santo-en-la-pasion-del-senor\/#breadcrumb","itemListElement":[{"@type":"ListItem","position":1,"name":"Inicio","item":"https:\/\/catedralbcn.org\/es\/"},{"@type":"ListItem","position":2,"name":"15 de abril | Viernes Santo en la Pasi\u00f3n del Se\u00f1or"}]},{"@type":"WebSite","@id":"https:\/\/catedralbcn.org\/es\/#website","url":"https:\/\/catedralbcn.org\/es\/","name":"SANTA ESGL\u00c9SIA CATEDRAL BAS\u00cdLICA METROPOLITANA DE BARCELONA","description":"Catedral de Barcelona","potentialAction":[{"@type":"SearchAction","target":{"@type":"EntryPoint","urlTemplate":"https:\/\/catedralbcn.org\/es\/?s={search_term_string}"},"query-input":{"@type":"PropertyValueSpecification","valueRequired":true,"valueName":"search_term_string"}}],"inLanguage":"es"},{"@type":"Person","@id":"https:\/\/catedralbcn.org\/es\/#\/schema\/person\/5bf99d49bb5301f1d80378f07471f188","name":"Catedral de Barcelona","image":{"@type":"ImageObject","inLanguage":"es","@id":"https:\/\/catedralbcn.org\/wp-content\/litespeed\/avatar\/7054f04e13d5379cf3f2632deb8b9a21.jpg?ver=1776941678","url":"https:\/\/catedralbcn.org\/wp-content\/litespeed\/avatar\/7054f04e13d5379cf3f2632deb8b9a21.jpg?ver=1776941678","contentUrl":"https:\/\/catedralbcn.org\/wp-content\/litespeed\/avatar\/7054f04e13d5379cf3f2632deb8b9a21.jpg?ver=1776941678","caption":"Catedral de Barcelona"},"url":"https:\/\/catedralbcn.org\/es\/author\/secretariacatedralbcn-org\/"}]}},"_links":{"self":[{"href":"https:\/\/catedralbcn.org\/es\/wp-json\/wp\/v2\/posts\/4369","targetHints":{"allow":["GET"]}}],"collection":[{"href":"https:\/\/catedralbcn.org\/es\/wp-json\/wp\/v2\/posts"}],"about":[{"href":"https:\/\/catedralbcn.org\/es\/wp-json\/wp\/v2\/types\/post"}],"author":[{"embeddable":true,"href":"https:\/\/catedralbcn.org\/es\/wp-json\/wp\/v2\/users\/3"}],"replies":[{"embeddable":true,"href":"https:\/\/catedralbcn.org\/es\/wp-json\/wp\/v2\/comments?post=4369"}],"version-history":[{"count":0,"href":"https:\/\/catedralbcn.org\/es\/wp-json\/wp\/v2\/posts\/4369\/revisions"}],"wp:featuredmedia":[{"embeddable":true,"href":"https:\/\/catedralbcn.org\/es\/wp-json\/wp\/v2\/media\/4339"}],"wp:attachment":[{"href":"https:\/\/catedralbcn.org\/es\/wp-json\/wp\/v2\/media?parent=4369"}],"wp:term":[{"taxonomy":"category","embeddable":true,"href":"https:\/\/catedralbcn.org\/es\/wp-json\/wp\/v2\/categories?post=4369"},{"taxonomy":"post_tag","embeddable":true,"href":"https:\/\/catedralbcn.org\/es\/wp-json\/wp\/v2\/tags?post=4369"}],"curies":[{"name":"wp","href":"https:\/\/api.w.org\/{rel}","templated":true}]}}