{"id":4714,"date":"2022-01-30T09:27:06","date_gmt":"2022-01-30T09:27:06","guid":{"rendered":"https:\/\/catedralbcn.org\/?p=4714"},"modified":"2022-06-20T12:52:42","modified_gmt":"2022-06-20T12:52:42","slug":"19-de-junio-corpus-christi","status":"publish","type":"post","link":"https:\/\/catedralbcn.org\/es\/19-de-junio-corpus-christi\/","title":{"rendered":"19 de junio | Corpus Christi"},"content":{"rendered":"<p><strong>Domingo 19 de junio<\/strong><\/p>\n<ul>\n<li>de <strong>8:30h a 13:00h<\/strong> exposici\u00f3n del Sant\u00edsimo Sacramento en la Capilla del Santo Cristo de Lepanto. Bendici\u00f3n y reserva.<\/li>\n<li><strong>9:00; 10:30; 12:00 y 13:00h<\/strong> &#8211; Eucarist\u00eda<\/li>\n<li><strong>10:00h<\/strong> Canto de Laudes<\/li>\n<li><strong>18:00h <\/strong>Eucarist\u00eda presidida por el Cardenal Joan Josep Omella, arzobispo de Barcelona, \u200b\u200ben el Pla de la Seu y la Avenida de la Catedral. Para participar, es necesario tener una invitaci\u00f3n individual. Pueden recogerla en la Sacrist\u00eda de la Catedral de lunes a s\u00e1bado en horario de 10:00 a 12:45h.<\/li>\n<li>Acto seguido,\u00a0 procesi\u00f3n con el Sant\u00edsimo Sacramento por las calles de la Avinguda de la Catedral, carrer del Dr. Joaquim Pou, carrer dels Sagristans, carrer dels Capellans, pla\u00e7a Nova, carrer dels Boters, pla\u00e7a de la Cucurulla, carrer del Pi, pla\u00e7a de Sant Josep Oriol, pla\u00e7a del Pi, carrer del Cardenal Casa\u00f1as, Pla de la Boqueria, la Rambla, carrer Ferran, pla\u00e7a de Sant Jaume, carrer del Bisbe, pla\u00e7a Nova y Avinguda de la Catedral, donde finalizar\u00e1 con la Bendici\u00f3n y reserva<\/li>\n<li>Es tambi\u00e9n el d\u00eda de la Caridad y, por eso, la colecta ser\u00e1 para C\u00e1ritas Diocesana<\/li>\n<li>Pueden acceder al siguiente documento para seguir la celebraci\u00f3n: <a href=\"https:\/\/catedralbcn.org\/wp-content\/uploads\/2022\/06\/MISSA-CORPUS-CHRISTI-2022.pdf\">MISSA CORPUS CHRISTI 2022<\/a><\/li>\n<\/ul>\n<p><img decoding=\"async\" class=\" wp-image-4800 aligncenter\" src=\"https:\/\/catedralbcn.org\/wp-content\/uploads\/2022\/06\/Cartell-Corpus-Christi-2022-1-214x300.jpg\" alt=\"\" width=\"264\" height=\"370\" srcset=\"https:\/\/catedralbcn.org\/wp-content\/uploads\/2022\/06\/Cartell-Corpus-Christi-2022-1-214x300.jpg 214w, https:\/\/catedralbcn.org\/wp-content\/uploads\/2022\/06\/Cartell-Corpus-Christi-2022-1-scaled-600x840.jpg 600w, https:\/\/catedralbcn.org\/wp-content\/uploads\/2022\/06\/Cartell-Corpus-Christi-2022-1-731x1024.jpg 731w, https:\/\/catedralbcn.org\/wp-content\/uploads\/2022\/06\/Cartell-Corpus-Christi-2022-1-768x1076.jpg 768w, https:\/\/catedralbcn.org\/wp-content\/uploads\/2022\/06\/Cartell-Corpus-Christi-2022-1-1097x1536.jpg 1097w, https:\/\/catedralbcn.org\/wp-content\/uploads\/2022\/06\/Cartell-Corpus-Christi-2022-1-1462x2048.jpg 1462w, https:\/\/catedralbcn.org\/wp-content\/uploads\/2022\/06\/Cartell-Corpus-Christi-2022-1-scaled.jpg 1828w\" sizes=\"(max-width: 264px) 100vw, 264px\" \/><\/p>\n","protected":false},"excerpt":{"rendered":"<p>Domingo 19 de junio de 8:30h a 13:00h exposici\u00f3n del Sant\u00edsimo Sacramento en la Capilla del Santo Cristo de Lepanto. Bendici\u00f3n y reserva. 9:00; 10:30; 12:00 y 13:00h &#8211; Eucarist\u00eda&#8230;<\/p>\n","protected":false},"author":3,"featured_media":4710,"comment_status":"closed","ping_status":"closed","sticky":false,"template":"","format":"standard","meta":{"xn-wppe-expiration":[],"xn-wppe-expiration-action":[],"xn-wppe-expiration-prefix":[],"footnotes":"","_links_to":"","_links_to_target":""},"categories":[1],"tags":[],"class_list":{"0":"post-4714","1":"post","2":"type-post","3":"status-publish","4":"format-standard","5":"has-post-thumbnail","7":"category-uncategorized-ca"},"yoast_head":"<!-- This site is optimized with the Yoast SEO plugin v27.3 - https:\/\/yoast.com\/product\/yoast-seo-wordpress\/ -->\n<title>19 de junio | Corpus Christi - SANTA ESGL\u00c9SIA CATEDRAL BAS\u00cdLICA METROPOLITANA DE BARCELONA<\/title>\n<meta name=\"robots\" content=\"index, follow, max-snippet:-1, max-image-preview:large, max-video-preview:-1\" \/>\n<link rel=\"canonical\" href=\"https:\/\/catedralbcn.org\/es\/19-de-junio-corpus-christi\/\" \/>\n<meta property=\"og:locale\" content=\"es_ES\" \/>\n<meta property=\"og:type\" content=\"article\" \/>\n<meta property=\"og:title\" content=\"19 de junio | Corpus Christi - SANTA ESGL\u00c9SIA CATEDRAL BAS\u00cdLICA METROPOLITANA DE BARCELONA\" \/>\n<meta property=\"og:description\" content=\"Domingo 19 de junio de 8:30h a 13:00h exposici\u00f3n del Sant\u00edsimo Sacramento en la Capilla del Santo Cristo de Lepanto. Bendici\u00f3n y reserva. 9:00; 10:30; 12:00 y 13:00h &#8211; Eucarist\u00eda...\" \/>\n<meta property=\"og:url\" content=\"https:\/\/catedralbcn.org\/es\/19-de-junio-corpus-christi\/\" \/>\n<meta property=\"og:site_name\" content=\"SANTA ESGL\u00c9SIA CATEDRAL BAS\u00cdLICA METROPOLITANA DE BARCELONA\" \/>\n<meta property=\"article:published_time\" content=\"2022-01-30T09:27:06+00:00\" \/>\n<meta property=\"article:modified_time\" content=\"2022-06-20T12:52:42+00:00\" \/>\n<meta property=\"og:image\" content=\"https:\/\/catedralbcn.org\/wp-content\/uploads\/2022\/05\/Corpus2021-06-06_\ufffc22830.jpg\" \/>\n\t<meta property=\"og:image:width\" content=\"1600\" \/>\n\t<meta property=\"og:image:height\" content=\"1067\" \/>\n\t<meta property=\"og:image:type\" content=\"image\/jpeg\" \/>\n<meta name=\"author\" content=\"Catedral de Barcelona\" \/>\n<meta name=\"twitter:card\" content=\"summary_large_image\" \/>\n<meta name=\"twitter:label1\" content=\"Escrito por\" \/>\n\t<meta name=\"twitter:data1\" content=\"Catedral de Barcelona\" \/>\n\t<meta name=\"twitter:label2\" content=\"Tiempo de lectura\" \/>\n\t<meta name=\"twitter:data2\" content=\"2 minutos\" \/>\n<script type=\"application\/ld+json\" class=\"yoast-schema-graph\">{\"@context\":\"https:\\\/\\\/schema.org\",\"@graph\":[{\"@type\":\"Article\",\"@id\":\"https:\\\/\\\/catedralbcn.org\\\/es\\\/19-de-junio-corpus-christi\\\/#article\",\"isPartOf\":{\"@id\":\"https:\\\/\\\/catedralbcn.org\\\/es\\\/19-de-junio-corpus-christi\\\/\"},\"author\":{\"name\":\"Catedral de Barcelona\",\"@id\":\"https:\\\/\\\/catedralbcn.org\\\/es\\\/#\\\/schema\\\/person\\\/5bf99d49bb5301f1d80378f07471f188\"},\"headline\":\"19 de junio | Corpus Christi\",\"datePublished\":\"2022-01-30T09:27:06+00:00\",\"dateModified\":\"2022-06-20T12:52:42+00:00\",\"mainEntityOfPage\":{\"@id\":\"https:\\\/\\\/catedralbcn.org\\\/es\\\/19-de-junio-corpus-christi\\\/\"},\"wordCount\":213,\"image\":{\"@id\":\"https:\\\/\\\/catedralbcn.org\\\/es\\\/19-de-junio-corpus-christi\\\/#primaryimage\"},\"thumbnailUrl\":\"https:\\\/\\\/catedralbcn.org\\\/wp-content\\\/uploads\\\/2022\\\/05\\\/Corpus2021-06-06_\ufffc22830.jpg\",\"articleSection\":[\"Uncategorized @ca\"],\"inLanguage\":\"es\"},{\"@type\":\"WebPage\",\"@id\":\"https:\\\/\\\/catedralbcn.org\\\/es\\\/19-de-junio-corpus-christi\\\/\",\"url\":\"https:\\\/\\\/catedralbcn.org\\\/es\\\/19-de-junio-corpus-christi\\\/\",\"name\":\"19 de junio | Corpus Christi - SANTA ESGL\u00c9SIA CATEDRAL BAS\u00cdLICA METROPOLITANA DE BARCELONA\",\"isPartOf\":{\"@id\":\"https:\\\/\\\/catedralbcn.org\\\/es\\\/#website\"},\"primaryImageOfPage\":{\"@id\":\"https:\\\/\\\/catedralbcn.org\\\/es\\\/19-de-junio-corpus-christi\\\/#primaryimage\"},\"image\":{\"@id\":\"https:\\\/\\\/catedralbcn.org\\\/es\\\/19-de-junio-corpus-christi\\\/#primaryimage\"},\"thumbnailUrl\":\"https:\\\/\\\/catedralbcn.org\\\/wp-content\\\/uploads\\\/2022\\\/05\\\/Corpus2021-06-06_\ufffc22830.jpg\",\"datePublished\":\"2022-01-30T09:27:06+00:00\",\"dateModified\":\"2022-06-20T12:52:42+00:00\",\"author\":{\"@id\":\"https:\\\/\\\/catedralbcn.org\\\/es\\\/#\\\/schema\\\/person\\\/5bf99d49bb5301f1d80378f07471f188\"},\"breadcrumb\":{\"@id\":\"https:\\\/\\\/catedralbcn.org\\\/es\\\/19-de-junio-corpus-christi\\\/#breadcrumb\"},\"inLanguage\":\"es\",\"potentialAction\":[{\"@type\":\"ReadAction\",\"target\":[\"https:\\\/\\\/catedralbcn.org\\\/es\\\/19-de-junio-corpus-christi\\\/\"]}]},{\"@type\":\"ImageObject\",\"inLanguage\":\"es\",\"@id\":\"https:\\\/\\\/catedralbcn.org\\\/es\\\/19-de-junio-corpus-christi\\\/#primaryimage\",\"url\":\"https:\\\/\\\/catedralbcn.org\\\/wp-content\\\/uploads\\\/2022\\\/05\\\/Corpus2021-06-06_\ufffc22830.jpg\",\"contentUrl\":\"https:\\\/\\\/catedralbcn.org\\\/wp-content\\\/uploads\\\/2022\\\/05\\\/Corpus2021-06-06_\ufffc22830.jpg\",\"width\":1600,\"height\":1067},{\"@type\":\"BreadcrumbList\",\"@id\":\"https:\\\/\\\/catedralbcn.org\\\/es\\\/19-de-junio-corpus-christi\\\/#breadcrumb\",\"itemListElement\":[{\"@type\":\"ListItem\",\"position\":1,\"name\":\"Inicio\",\"item\":\"https:\\\/\\\/catedralbcn.org\\\/es\\\/\"},{\"@type\":\"ListItem\",\"position\":2,\"name\":\"19 de junio | Corpus Christi\"}]},{\"@type\":\"WebSite\",\"@id\":\"https:\\\/\\\/catedralbcn.org\\\/es\\\/#website\",\"url\":\"https:\\\/\\\/catedralbcn.org\\\/es\\\/\",\"name\":\"SANTA ESGL\u00c9SIA CATEDRAL BAS\u00cdLICA METROPOLITANA DE BARCELONA\",\"description\":\"Catedral de Barcelona\",\"potentialAction\":[{\"@type\":\"SearchAction\",\"target\":{\"@type\":\"EntryPoint\",\"urlTemplate\":\"https:\\\/\\\/catedralbcn.org\\\/es\\\/?s={search_term_string}\"},\"query-input\":{\"@type\":\"PropertyValueSpecification\",\"valueRequired\":true,\"valueName\":\"search_term_string\"}}],\"inLanguage\":\"es\"},{\"@type\":\"Person\",\"@id\":\"https:\\\/\\\/catedralbcn.org\\\/es\\\/#\\\/schema\\\/person\\\/5bf99d49bb5301f1d80378f07471f188\",\"name\":\"Catedral de Barcelona\",\"image\":{\"@type\":\"ImageObject\",\"inLanguage\":\"es\",\"@id\":\"https:\\\/\\\/catedralbcn.org\\\/wp-content\\\/litespeed\\\/avatar\\\/7054f04e13d5379cf3f2632deb8b9a21.jpg?ver=1776941678\",\"url\":\"https:\\\/\\\/catedralbcn.org\\\/wp-content\\\/litespeed\\\/avatar\\\/7054f04e13d5379cf3f2632deb8b9a21.jpg?ver=1776941678\",\"contentUrl\":\"https:\\\/\\\/catedralbcn.org\\\/wp-content\\\/litespeed\\\/avatar\\\/7054f04e13d5379cf3f2632deb8b9a21.jpg?ver=1776941678\",\"caption\":\"Catedral de Barcelona\"},\"url\":\"https:\\\/\\\/catedralbcn.org\\\/es\\\/author\\\/secretariacatedralbcn-org\\\/\"}]}<\/script>\n<!-- \/ Yoast SEO plugin. -->","yoast_head_json":{"title":"19 de junio | Corpus Christi - SANTA ESGL\u00c9SIA CATEDRAL BAS\u00cdLICA METROPOLITANA DE BARCELONA","robots":{"index":"index","follow":"follow","max-snippet":"max-snippet:-1","max-image-preview":"max-image-preview:large","max-video-preview":"max-video-preview:-1"},"canonical":"https:\/\/catedralbcn.org\/es\/19-de-junio-corpus-christi\/","og_locale":"es_ES","og_type":"article","og_title":"19 de junio | Corpus Christi - SANTA ESGL\u00c9SIA CATEDRAL BAS\u00cdLICA METROPOLITANA DE BARCELONA","og_description":"Domingo 19 de junio de 8:30h a 13:00h exposici\u00f3n del Sant\u00edsimo Sacramento en la Capilla del Santo Cristo de Lepanto. Bendici\u00f3n y reserva. 9:00; 10:30; 12:00 y 13:00h &#8211; Eucarist\u00eda...","og_url":"https:\/\/catedralbcn.org\/es\/19-de-junio-corpus-christi\/","og_site_name":"SANTA ESGL\u00c9SIA CATEDRAL BAS\u00cdLICA METROPOLITANA DE BARCELONA","article_published_time":"2022-01-30T09:27:06+00:00","article_modified_time":"2022-06-20T12:52:42+00:00","og_image":[{"width":1600,"height":1067,"url":"https:\/\/catedralbcn.org\/wp-content\/uploads\/2022\/05\/Corpus2021-06-06_\ufffc22830.jpg","type":"image\/jpeg"}],"author":"Catedral de Barcelona","twitter_card":"summary_large_image","twitter_misc":{"Escrito por":"Catedral de Barcelona","Tiempo de lectura":"2 minutos"},"schema":{"@context":"https:\/\/schema.org","@graph":[{"@type":"Article","@id":"https:\/\/catedralbcn.org\/es\/19-de-junio-corpus-christi\/#article","isPartOf":{"@id":"https:\/\/catedralbcn.org\/es\/19-de-junio-corpus-christi\/"},"author":{"name":"Catedral de Barcelona","@id":"https:\/\/catedralbcn.org\/es\/#\/schema\/person\/5bf99d49bb5301f1d80378f07471f188"},"headline":"19 de junio | Corpus Christi","datePublished":"2022-01-30T09:27:06+00:00","dateModified":"2022-06-20T12:52:42+00:00","mainEntityOfPage":{"@id":"https:\/\/catedralbcn.org\/es\/19-de-junio-corpus-christi\/"},"wordCount":213,"image":{"@id":"https:\/\/catedralbcn.org\/es\/19-de-junio-corpus-christi\/#primaryimage"},"thumbnailUrl":"https:\/\/catedralbcn.org\/wp-content\/uploads\/2022\/05\/Corpus2021-06-06_\ufffc22830.jpg","articleSection":["Uncategorized @ca"],"inLanguage":"es"},{"@type":"WebPage","@id":"https:\/\/catedralbcn.org\/es\/19-de-junio-corpus-christi\/","url":"https:\/\/catedralbcn.org\/es\/19-de-junio-corpus-christi\/","name":"19 de junio | Corpus Christi - SANTA ESGL\u00c9SIA CATEDRAL BAS\u00cdLICA METROPOLITANA DE BARCELONA","isPartOf":{"@id":"https:\/\/catedralbcn.org\/es\/#website"},"primaryImageOfPage":{"@id":"https:\/\/catedralbcn.org\/es\/19-de-junio-corpus-christi\/#primaryimage"},"image":{"@id":"https:\/\/catedralbcn.org\/es\/19-de-junio-corpus-christi\/#primaryimage"},"thumbnailUrl":"https:\/\/catedralbcn.org\/wp-content\/uploads\/2022\/05\/Corpus2021-06-06_\ufffc22830.jpg","datePublished":"2022-01-30T09:27:06+00:00","dateModified":"2022-06-20T12:52:42+00:00","author":{"@id":"https:\/\/catedralbcn.org\/es\/#\/schema\/person\/5bf99d49bb5301f1d80378f07471f188"},"breadcrumb":{"@id":"https:\/\/catedralbcn.org\/es\/19-de-junio-corpus-christi\/#breadcrumb"},"inLanguage":"es","potentialAction":[{"@type":"ReadAction","target":["https:\/\/catedralbcn.org\/es\/19-de-junio-corpus-christi\/"]}]},{"@type":"ImageObject","inLanguage":"es","@id":"https:\/\/catedralbcn.org\/es\/19-de-junio-corpus-christi\/#primaryimage","url":"https:\/\/catedralbcn.org\/wp-content\/uploads\/2022\/05\/Corpus2021-06-06_\ufffc22830.jpg","contentUrl":"https:\/\/catedralbcn.org\/wp-content\/uploads\/2022\/05\/Corpus2021-06-06_\ufffc22830.jpg","width":1600,"height":1067},{"@type":"BreadcrumbList","@id":"https:\/\/catedralbcn.org\/es\/19-de-junio-corpus-christi\/#breadcrumb","itemListElement":[{"@type":"ListItem","position":1,"name":"Inicio","item":"https:\/\/catedralbcn.org\/es\/"},{"@type":"ListItem","position":2,"name":"19 de junio | Corpus Christi"}]},{"@type":"WebSite","@id":"https:\/\/catedralbcn.org\/es\/#website","url":"https:\/\/catedralbcn.org\/es\/","name":"SANTA ESGL\u00c9SIA CATEDRAL BAS\u00cdLICA METROPOLITANA DE BARCELONA","description":"Catedral de Barcelona","potentialAction":[{"@type":"SearchAction","target":{"@type":"EntryPoint","urlTemplate":"https:\/\/catedralbcn.org\/es\/?s={search_term_string}"},"query-input":{"@type":"PropertyValueSpecification","valueRequired":true,"valueName":"search_term_string"}}],"inLanguage":"es"},{"@type":"Person","@id":"https:\/\/catedralbcn.org\/es\/#\/schema\/person\/5bf99d49bb5301f1d80378f07471f188","name":"Catedral de Barcelona","image":{"@type":"ImageObject","inLanguage":"es","@id":"https:\/\/catedralbcn.org\/wp-content\/litespeed\/avatar\/7054f04e13d5379cf3f2632deb8b9a21.jpg?ver=1776941678","url":"https:\/\/catedralbcn.org\/wp-content\/litespeed\/avatar\/7054f04e13d5379cf3f2632deb8b9a21.jpg?ver=1776941678","contentUrl":"https:\/\/catedralbcn.org\/wp-content\/litespeed\/avatar\/7054f04e13d5379cf3f2632deb8b9a21.jpg?ver=1776941678","caption":"Catedral de Barcelona"},"url":"https:\/\/catedralbcn.org\/es\/author\/secretariacatedralbcn-org\/"}]}},"_links":{"self":[{"href":"https:\/\/catedralbcn.org\/es\/wp-json\/wp\/v2\/posts\/4714","targetHints":{"allow":["GET"]}}],"collection":[{"href":"https:\/\/catedralbcn.org\/es\/wp-json\/wp\/v2\/posts"}],"about":[{"href":"https:\/\/catedralbcn.org\/es\/wp-json\/wp\/v2\/types\/post"}],"author":[{"embeddable":true,"href":"https:\/\/catedralbcn.org\/es\/wp-json\/wp\/v2\/users\/3"}],"replies":[{"embeddable":true,"href":"https:\/\/catedralbcn.org\/es\/wp-json\/wp\/v2\/comments?post=4714"}],"version-history":[{"count":0,"href":"https:\/\/catedralbcn.org\/es\/wp-json\/wp\/v2\/posts\/4714\/revisions"}],"wp:featuredmedia":[{"embeddable":true,"href":"https:\/\/catedralbcn.org\/es\/wp-json\/wp\/v2\/media\/4710"}],"wp:attachment":[{"href":"https:\/\/catedralbcn.org\/es\/wp-json\/wp\/v2\/media?parent=4714"}],"wp:term":[{"taxonomy":"category","embeddable":true,"href":"https:\/\/catedralbcn.org\/es\/wp-json\/wp\/v2\/categories?post=4714"},{"taxonomy":"post_tag","embeddable":true,"href":"https:\/\/catedralbcn.org\/es\/wp-json\/wp\/v2\/tags?post=4714"}],"curies":[{"name":"wp","href":"https:\/\/api.w.org\/{rel}","templated":true}]}}