{"id":5635,"date":"2022-01-30T08:56:14","date_gmt":"2022-01-30T08:56:14","guid":{"rendered":"https:\/\/catedralbcn.org\/?p=5635"},"modified":"2022-12-05T10:28:36","modified_gmt":"2022-12-05T10:28:36","slug":"1-de-diciembre-san-eloy","status":"publish","type":"post","link":"https:\/\/catedralbcn.org\/es\/1-de-diciembre-san-eloy\/","title":{"rendered":"1 de diciembre | San Eloy"},"content":{"rendered":"<p><b>Sant Eloy, patr\u00f3n del gremio de los cerrajeros de Catalu\u00f1a<\/b><\/p>\n<ul>\n<li>12:00h Ofrenda floral y oraci\u00f3n ante la imagen del santo, en la capilla del claustro, en honor de su patr\u00f3n.<\/li>\n<\/ul>\n<pre id=\"tw-target-text\" class=\"tw-data-text tw-text-large tw-ta\" dir=\"ltr\" data-placeholder=\"Traducci\u00f3n\"><strong style=\"font-family: Georgia, 'Times New Roman', 'Bitstream Charter', Times, serif;\">Oraci\u00f3n por las vocaciones y por la vida<\/strong><\/pre>\n<ul>\n<li>18:00h Hora Eucar\u00edstica, en la capilla del Sant\u00edsimo.<\/li>\n<\/ul>\n<p><b>Misa por las v\u00edctimas de accidentes de tr\u00e1fico<\/b><\/p>\n<ul>\n<li>18:00h misa de difuntos para los bomberos, <em>mossos d&#8217;esquadra<\/em> y cuerpos de seguridad.<\/li>\n<li>Preside Mons. Javier Vilanova, Obispo Auxiliar.<\/li>\n<li>Lo organiza el secretariado Diocesano de pastoral del tr\u00e1fico.<\/li>\n<\/ul>\n","protected":false},"excerpt":{"rendered":"<p>Sant Eloy, patr\u00f3n del gremio de los cerrajeros de Catalu\u00f1a 12:00h Ofrenda floral y oraci\u00f3n ante la imagen del santo, en la capilla del claustro, en honor de su patr\u00f3n&#8230;.<\/p>\n","protected":false},"author":3,"featured_media":5597,"comment_status":"closed","ping_status":"closed","sticky":false,"template":"","format":"standard","meta":{"xn-wppe-expiration":[],"xn-wppe-expiration-action":[],"xn-wppe-expiration-prefix":[],"footnotes":"","_links_to":"","_links_to_target":""},"categories":[1],"tags":[],"class_list":{"0":"post-5635","1":"post","2":"type-post","3":"status-publish","4":"format-standard","5":"has-post-thumbnail","7":"category-uncategorized-ca"},"yoast_head":"<!-- This site is optimized with the Yoast SEO plugin v27.3 - https:\/\/yoast.com\/product\/yoast-seo-wordpress\/ -->\n<title>1 de diciembre | San Eloy - SANTA ESGL\u00c9SIA CATEDRAL BAS\u00cdLICA METROPOLITANA DE BARCELONA<\/title>\n<meta name=\"robots\" content=\"index, follow, max-snippet:-1, max-image-preview:large, max-video-preview:-1\" \/>\n<link rel=\"canonical\" href=\"https:\/\/catedralbcn.org\/es\/1-de-diciembre-san-eloy\/\" \/>\n<meta property=\"og:locale\" content=\"es_ES\" \/>\n<meta property=\"og:type\" content=\"article\" \/>\n<meta property=\"og:title\" content=\"1 de diciembre | San Eloy - SANTA ESGL\u00c9SIA CATEDRAL BAS\u00cdLICA METROPOLITANA DE BARCELONA\" \/>\n<meta property=\"og:description\" content=\"Sant Eloy, patr\u00f3n del gremio de los cerrajeros de Catalu\u00f1a 12:00h Ofrenda floral y oraci\u00f3n ante la imagen del santo, en la capilla del claustro, en honor de su patr\u00f3n....\" \/>\n<meta property=\"og:url\" content=\"https:\/\/catedralbcn.org\/es\/1-de-diciembre-san-eloy\/\" \/>\n<meta property=\"og:site_name\" content=\"SANTA ESGL\u00c9SIA CATEDRAL BAS\u00cdLICA METROPOLITANA DE BARCELONA\" \/>\n<meta property=\"article:published_time\" content=\"2022-01-30T08:56:14+00:00\" \/>\n<meta property=\"article:modified_time\" content=\"2022-12-05T10:28:36+00:00\" \/>\n<meta property=\"og:image\" content=\"https:\/\/catedralbcn.org\/wp-content\/uploads\/2022\/11\/20221117_123115-scaled.jpg\" \/>\n\t<meta property=\"og:image:width\" content=\"1920\" \/>\n\t<meta property=\"og:image:height\" content=\"2560\" \/>\n\t<meta property=\"og:image:type\" content=\"image\/jpeg\" \/>\n<meta name=\"author\" content=\"Catedral de Barcelona\" \/>\n<meta name=\"twitter:card\" content=\"summary_large_image\" \/>\n<meta name=\"twitter:label1\" content=\"Escrito por\" \/>\n\t<meta name=\"twitter:data1\" content=\"Catedral de Barcelona\" \/>\n\t<meta name=\"twitter:label2\" content=\"Tiempo de lectura\" \/>\n\t<meta name=\"twitter:data2\" content=\"1 minuto\" \/>\n<script type=\"application\/ld+json\" class=\"yoast-schema-graph\">{\"@context\":\"https:\\\/\\\/schema.org\",\"@graph\":[{\"@type\":\"Article\",\"@id\":\"https:\\\/\\\/catedralbcn.org\\\/es\\\/1-de-diciembre-san-eloy\\\/#article\",\"isPartOf\":{\"@id\":\"https:\\\/\\\/catedralbcn.org\\\/es\\\/1-de-diciembre-san-eloy\\\/\"},\"author\":{\"name\":\"Catedral de Barcelona\",\"@id\":\"https:\\\/\\\/catedralbcn.org\\\/es\\\/#\\\/schema\\\/person\\\/5bf99d49bb5301f1d80378f07471f188\"},\"headline\":\"1 de diciembre | San Eloy\",\"datePublished\":\"2022-01-30T08:56:14+00:00\",\"dateModified\":\"2022-12-05T10:28:36+00:00\",\"mainEntityOfPage\":{\"@id\":\"https:\\\/\\\/catedralbcn.org\\\/es\\\/1-de-diciembre-san-eloy\\\/\"},\"wordCount\":88,\"image\":{\"@id\":\"https:\\\/\\\/catedralbcn.org\\\/es\\\/1-de-diciembre-san-eloy\\\/#primaryimage\"},\"thumbnailUrl\":\"https:\\\/\\\/catedralbcn.org\\\/wp-content\\\/uploads\\\/2022\\\/11\\\/20221117_123115-scaled.jpg\",\"articleSection\":[\"Uncategorized @ca\"],\"inLanguage\":\"es\"},{\"@type\":\"WebPage\",\"@id\":\"https:\\\/\\\/catedralbcn.org\\\/es\\\/1-de-diciembre-san-eloy\\\/\",\"url\":\"https:\\\/\\\/catedralbcn.org\\\/es\\\/1-de-diciembre-san-eloy\\\/\",\"name\":\"1 de diciembre | San Eloy - SANTA ESGL\u00c9SIA CATEDRAL BAS\u00cdLICA METROPOLITANA DE BARCELONA\",\"isPartOf\":{\"@id\":\"https:\\\/\\\/catedralbcn.org\\\/es\\\/#website\"},\"primaryImageOfPage\":{\"@id\":\"https:\\\/\\\/catedralbcn.org\\\/es\\\/1-de-diciembre-san-eloy\\\/#primaryimage\"},\"image\":{\"@id\":\"https:\\\/\\\/catedralbcn.org\\\/es\\\/1-de-diciembre-san-eloy\\\/#primaryimage\"},\"thumbnailUrl\":\"https:\\\/\\\/catedralbcn.org\\\/wp-content\\\/uploads\\\/2022\\\/11\\\/20221117_123115-scaled.jpg\",\"datePublished\":\"2022-01-30T08:56:14+00:00\",\"dateModified\":\"2022-12-05T10:28:36+00:00\",\"author\":{\"@id\":\"https:\\\/\\\/catedralbcn.org\\\/es\\\/#\\\/schema\\\/person\\\/5bf99d49bb5301f1d80378f07471f188\"},\"breadcrumb\":{\"@id\":\"https:\\\/\\\/catedralbcn.org\\\/es\\\/1-de-diciembre-san-eloy\\\/#breadcrumb\"},\"inLanguage\":\"es\",\"potentialAction\":[{\"@type\":\"ReadAction\",\"target\":[\"https:\\\/\\\/catedralbcn.org\\\/es\\\/1-de-diciembre-san-eloy\\\/\"]}]},{\"@type\":\"ImageObject\",\"inLanguage\":\"es\",\"@id\":\"https:\\\/\\\/catedralbcn.org\\\/es\\\/1-de-diciembre-san-eloy\\\/#primaryimage\",\"url\":\"https:\\\/\\\/catedralbcn.org\\\/wp-content\\\/uploads\\\/2022\\\/11\\\/20221117_123115-scaled.jpg\",\"contentUrl\":\"https:\\\/\\\/catedralbcn.org\\\/wp-content\\\/uploads\\\/2022\\\/11\\\/20221117_123115-scaled.jpg\",\"width\":1920,\"height\":2560},{\"@type\":\"BreadcrumbList\",\"@id\":\"https:\\\/\\\/catedralbcn.org\\\/es\\\/1-de-diciembre-san-eloy\\\/#breadcrumb\",\"itemListElement\":[{\"@type\":\"ListItem\",\"position\":1,\"name\":\"Inicio\",\"item\":\"https:\\\/\\\/catedralbcn.org\\\/es\\\/\"},{\"@type\":\"ListItem\",\"position\":2,\"name\":\"1 de diciembre | San Eloy\"}]},{\"@type\":\"WebSite\",\"@id\":\"https:\\\/\\\/catedralbcn.org\\\/es\\\/#website\",\"url\":\"https:\\\/\\\/catedralbcn.org\\\/es\\\/\",\"name\":\"SANTA ESGL\u00c9SIA CATEDRAL BAS\u00cdLICA METROPOLITANA DE BARCELONA\",\"description\":\"Catedral de Barcelona\",\"potentialAction\":[{\"@type\":\"SearchAction\",\"target\":{\"@type\":\"EntryPoint\",\"urlTemplate\":\"https:\\\/\\\/catedralbcn.org\\\/es\\\/?s={search_term_string}\"},\"query-input\":{\"@type\":\"PropertyValueSpecification\",\"valueRequired\":true,\"valueName\":\"search_term_string\"}}],\"inLanguage\":\"es\"},{\"@type\":\"Person\",\"@id\":\"https:\\\/\\\/catedralbcn.org\\\/es\\\/#\\\/schema\\\/person\\\/5bf99d49bb5301f1d80378f07471f188\",\"name\":\"Catedral de Barcelona\",\"image\":{\"@type\":\"ImageObject\",\"inLanguage\":\"es\",\"@id\":\"https:\\\/\\\/catedralbcn.org\\\/wp-content\\\/litespeed\\\/avatar\\\/7054f04e13d5379cf3f2632deb8b9a21.jpg?ver=1776941678\",\"url\":\"https:\\\/\\\/catedralbcn.org\\\/wp-content\\\/litespeed\\\/avatar\\\/7054f04e13d5379cf3f2632deb8b9a21.jpg?ver=1776941678\",\"contentUrl\":\"https:\\\/\\\/catedralbcn.org\\\/wp-content\\\/litespeed\\\/avatar\\\/7054f04e13d5379cf3f2632deb8b9a21.jpg?ver=1776941678\",\"caption\":\"Catedral de Barcelona\"},\"url\":\"https:\\\/\\\/catedralbcn.org\\\/es\\\/author\\\/secretariacatedralbcn-org\\\/\"}]}<\/script>\n<!-- \/ Yoast SEO plugin. -->","yoast_head_json":{"title":"1 de diciembre | San Eloy - SANTA ESGL\u00c9SIA CATEDRAL BAS\u00cdLICA METROPOLITANA DE BARCELONA","robots":{"index":"index","follow":"follow","max-snippet":"max-snippet:-1","max-image-preview":"max-image-preview:large","max-video-preview":"max-video-preview:-1"},"canonical":"https:\/\/catedralbcn.org\/es\/1-de-diciembre-san-eloy\/","og_locale":"es_ES","og_type":"article","og_title":"1 de diciembre | San Eloy - SANTA ESGL\u00c9SIA CATEDRAL BAS\u00cdLICA METROPOLITANA DE BARCELONA","og_description":"Sant Eloy, patr\u00f3n del gremio de los cerrajeros de Catalu\u00f1a 12:00h Ofrenda floral y oraci\u00f3n ante la imagen del santo, en la capilla del claustro, en honor de su patr\u00f3n....","og_url":"https:\/\/catedralbcn.org\/es\/1-de-diciembre-san-eloy\/","og_site_name":"SANTA ESGL\u00c9SIA CATEDRAL BAS\u00cdLICA METROPOLITANA DE BARCELONA","article_published_time":"2022-01-30T08:56:14+00:00","article_modified_time":"2022-12-05T10:28:36+00:00","og_image":[{"width":1920,"height":2560,"url":"https:\/\/catedralbcn.org\/wp-content\/uploads\/2022\/11\/20221117_123115-scaled.jpg","type":"image\/jpeg"}],"author":"Catedral de Barcelona","twitter_card":"summary_large_image","twitter_misc":{"Escrito por":"Catedral de Barcelona","Tiempo de lectura":"1 minuto"},"schema":{"@context":"https:\/\/schema.org","@graph":[{"@type":"Article","@id":"https:\/\/catedralbcn.org\/es\/1-de-diciembre-san-eloy\/#article","isPartOf":{"@id":"https:\/\/catedralbcn.org\/es\/1-de-diciembre-san-eloy\/"},"author":{"name":"Catedral de Barcelona","@id":"https:\/\/catedralbcn.org\/es\/#\/schema\/person\/5bf99d49bb5301f1d80378f07471f188"},"headline":"1 de diciembre | San Eloy","datePublished":"2022-01-30T08:56:14+00:00","dateModified":"2022-12-05T10:28:36+00:00","mainEntityOfPage":{"@id":"https:\/\/catedralbcn.org\/es\/1-de-diciembre-san-eloy\/"},"wordCount":88,"image":{"@id":"https:\/\/catedralbcn.org\/es\/1-de-diciembre-san-eloy\/#primaryimage"},"thumbnailUrl":"https:\/\/catedralbcn.org\/wp-content\/uploads\/2022\/11\/20221117_123115-scaled.jpg","articleSection":["Uncategorized @ca"],"inLanguage":"es"},{"@type":"WebPage","@id":"https:\/\/catedralbcn.org\/es\/1-de-diciembre-san-eloy\/","url":"https:\/\/catedralbcn.org\/es\/1-de-diciembre-san-eloy\/","name":"1 de diciembre | San Eloy - SANTA ESGL\u00c9SIA CATEDRAL BAS\u00cdLICA METROPOLITANA DE BARCELONA","isPartOf":{"@id":"https:\/\/catedralbcn.org\/es\/#website"},"primaryImageOfPage":{"@id":"https:\/\/catedralbcn.org\/es\/1-de-diciembre-san-eloy\/#primaryimage"},"image":{"@id":"https:\/\/catedralbcn.org\/es\/1-de-diciembre-san-eloy\/#primaryimage"},"thumbnailUrl":"https:\/\/catedralbcn.org\/wp-content\/uploads\/2022\/11\/20221117_123115-scaled.jpg","datePublished":"2022-01-30T08:56:14+00:00","dateModified":"2022-12-05T10:28:36+00:00","author":{"@id":"https:\/\/catedralbcn.org\/es\/#\/schema\/person\/5bf99d49bb5301f1d80378f07471f188"},"breadcrumb":{"@id":"https:\/\/catedralbcn.org\/es\/1-de-diciembre-san-eloy\/#breadcrumb"},"inLanguage":"es","potentialAction":[{"@type":"ReadAction","target":["https:\/\/catedralbcn.org\/es\/1-de-diciembre-san-eloy\/"]}]},{"@type":"ImageObject","inLanguage":"es","@id":"https:\/\/catedralbcn.org\/es\/1-de-diciembre-san-eloy\/#primaryimage","url":"https:\/\/catedralbcn.org\/wp-content\/uploads\/2022\/11\/20221117_123115-scaled.jpg","contentUrl":"https:\/\/catedralbcn.org\/wp-content\/uploads\/2022\/11\/20221117_123115-scaled.jpg","width":1920,"height":2560},{"@type":"BreadcrumbList","@id":"https:\/\/catedralbcn.org\/es\/1-de-diciembre-san-eloy\/#breadcrumb","itemListElement":[{"@type":"ListItem","position":1,"name":"Inicio","item":"https:\/\/catedralbcn.org\/es\/"},{"@type":"ListItem","position":2,"name":"1 de diciembre | San Eloy"}]},{"@type":"WebSite","@id":"https:\/\/catedralbcn.org\/es\/#website","url":"https:\/\/catedralbcn.org\/es\/","name":"SANTA ESGL\u00c9SIA CATEDRAL BAS\u00cdLICA METROPOLITANA DE BARCELONA","description":"Catedral de Barcelona","potentialAction":[{"@type":"SearchAction","target":{"@type":"EntryPoint","urlTemplate":"https:\/\/catedralbcn.org\/es\/?s={search_term_string}"},"query-input":{"@type":"PropertyValueSpecification","valueRequired":true,"valueName":"search_term_string"}}],"inLanguage":"es"},{"@type":"Person","@id":"https:\/\/catedralbcn.org\/es\/#\/schema\/person\/5bf99d49bb5301f1d80378f07471f188","name":"Catedral de Barcelona","image":{"@type":"ImageObject","inLanguage":"es","@id":"https:\/\/catedralbcn.org\/wp-content\/litespeed\/avatar\/7054f04e13d5379cf3f2632deb8b9a21.jpg?ver=1776941678","url":"https:\/\/catedralbcn.org\/wp-content\/litespeed\/avatar\/7054f04e13d5379cf3f2632deb8b9a21.jpg?ver=1776941678","contentUrl":"https:\/\/catedralbcn.org\/wp-content\/litespeed\/avatar\/7054f04e13d5379cf3f2632deb8b9a21.jpg?ver=1776941678","caption":"Catedral de Barcelona"},"url":"https:\/\/catedralbcn.org\/es\/author\/secretariacatedralbcn-org\/"}]}},"_links":{"self":[{"href":"https:\/\/catedralbcn.org\/es\/wp-json\/wp\/v2\/posts\/5635","targetHints":{"allow":["GET"]}}],"collection":[{"href":"https:\/\/catedralbcn.org\/es\/wp-json\/wp\/v2\/posts"}],"about":[{"href":"https:\/\/catedralbcn.org\/es\/wp-json\/wp\/v2\/types\/post"}],"author":[{"embeddable":true,"href":"https:\/\/catedralbcn.org\/es\/wp-json\/wp\/v2\/users\/3"}],"replies":[{"embeddable":true,"href":"https:\/\/catedralbcn.org\/es\/wp-json\/wp\/v2\/comments?post=5635"}],"version-history":[{"count":0,"href":"https:\/\/catedralbcn.org\/es\/wp-json\/wp\/v2\/posts\/5635\/revisions"}],"wp:featuredmedia":[{"embeddable":true,"href":"https:\/\/catedralbcn.org\/es\/wp-json\/wp\/v2\/media\/5597"}],"wp:attachment":[{"href":"https:\/\/catedralbcn.org\/es\/wp-json\/wp\/v2\/media?parent=5635"}],"wp:term":[{"taxonomy":"category","embeddable":true,"href":"https:\/\/catedralbcn.org\/es\/wp-json\/wp\/v2\/categories?post=5635"},{"taxonomy":"post_tag","embeddable":true,"href":"https:\/\/catedralbcn.org\/es\/wp-json\/wp\/v2\/tags?post=5635"}],"curies":[{"name":"wp","href":"https:\/\/api.w.org\/{rel}","templated":true}]}}