{"id":8360,"date":"2024-02-22T15:52:07","date_gmt":"2024-02-22T14:52:07","guid":{"rendered":"https:\/\/catedralbcn.org\/?p=8360"},"modified":"2024-03-20T15:53:24","modified_gmt":"2024-03-20T14:53:24","slug":"la-catedral-de-barcelona-presenta-una-exposicion-sobre-la-produccion-de-cera-en-la-edad-media","status":"publish","type":"post","link":"https:\/\/catedralbcn.org\/es\/la-catedral-de-barcelona-presenta-una-exposicion-sobre-la-produccion-de-cera-en-la-edad-media\/","title":{"rendered":"La Catedral de Barcelona presenta una exposici\u00f3n sobre la producci\u00f3n de cera en la edad media"},"content":{"rendered":"<h2 style=\"text-align: center;\">La Catedral de Barcelona presenta una exposici\u00f3n sobre la producci\u00f3n de cera en la edad media<\/h2>\n<p>&nbsp;<\/p>\n<p>La Catedral de Barcelona inaugura este 27 de febrero a las 19 h la exposici\u00f3n <em>Toda la cera que arde. Las velas en la Catedral en la Edad Media,<\/em> que explica el comercio, el uso y la producci\u00f3n de cera en la catedral entre los siglos XIV y XVI. La muestra incluye una parte sobre el proceso de la cera en la planta baja de Casa Almoina, y una visita in\u00e9dita a la antigua c\u00e1mara de la Catedral de Barcelona donde se elaboraba la cera.<\/p>\n<p>A lo largo del recorrido expositivo se descubren todo tipo de curiosidades como los distintos usos que se hac\u00eda de la cera, el proceso de su importaci\u00f3n, el movimiento art\u00edstico que hab\u00eda detr\u00e1s de la producci\u00f3n o sus diferentes tipolog\u00edas y colores. Tambi\u00e9n el papel que tuvo en las celebraciones lit\u00fargicas y la importancia que lleg\u00f3 a adquirir hasta el punto de convertirse en un producto de lujo con gran valor.<\/p>\n<p>La sala donde antiguamente se obraba la cera fue habilitada poco antes del a\u00f1o 1518 con el prop\u00f3sito de internalizar el proceso de manufactura de candelas y cirios. El visitante encuentra el horno original y algunas de las vasijas que serv\u00edan para tratar la cera y fabricar velas y cirios. Al lado de la c\u00e1mara se ha habilitado una sala anexa, con materiales y textos diversos.<\/p>\n<p>La exposici\u00f3n, organizada por el Archivo de la Catedral de Barcelona, est\u00e1 comisariada por los historiadores medievalistas Llu\u00eds Sales i Fav\u00e0 y Carles Vela Aulesa y ha contado con la colaboraci\u00f3n del Museo Diocesano de Barcelona.<\/p>\n<p>La presentaci\u00f3n ser\u00e1 el 27 de febrero a las 19 horas en la Casa de l\u2019Almoina con la presencia de los comisarios y el director del Archivo Capitular de la Catedral de Barcelona, el can\u00f3nigo Robert Bar\u00f3. La muestra podr\u00e1 visitarse del 27 de febrero al 12 de mayo de 2024.<\/p>\n","protected":false},"excerpt":{"rendered":"<p>La Catedral de Barcelona presenta una exposici\u00f3n sobre la producci\u00f3n de cera en la edad media &nbsp; La Catedral de Barcelona inaugura este 27 de febrero a las 19 h&#8230;<\/p>\n","protected":false},"author":3,"featured_media":8358,"comment_status":"closed","ping_status":"closed","sticky":false,"template":"","format":"standard","meta":{"xn-wppe-expiration":[],"xn-wppe-expiration-action":[],"xn-wppe-expiration-prefix":[],"footnotes":"","_links_to":"","_links_to_target":""},"categories":[2384],"tags":[],"class_list":{"0":"post-8360","1":"post","2":"type-post","3":"status-publish","4":"format-standard","5":"has-post-thumbnail","7":"category-comunicacion"},"yoast_head":"<!-- This site is optimized with the Yoast SEO plugin v27.3 - https:\/\/yoast.com\/product\/yoast-seo-wordpress\/ -->\n<title>La Catedral de Barcelona presenta una exposici\u00f3n sobre la producci\u00f3n de cera en la edad media - SANTA ESGL\u00c9SIA CATEDRAL BAS\u00cdLICA METROPOLITANA DE BARCELONA<\/title>\n<meta name=\"robots\" content=\"index, follow, max-snippet:-1, max-image-preview:large, max-video-preview:-1\" \/>\n<link rel=\"canonical\" href=\"https:\/\/catedralbcn.org\/es\/la-catedral-de-barcelona-presenta-una-exposicion-sobre-la-produccion-de-cera-en-la-edad-media\/\" \/>\n<meta property=\"og:locale\" content=\"es_ES\" \/>\n<meta property=\"og:type\" content=\"article\" \/>\n<meta property=\"og:title\" content=\"La Catedral de Barcelona presenta una exposici\u00f3n sobre la producci\u00f3n de cera en la edad media - SANTA ESGL\u00c9SIA CATEDRAL BAS\u00cdLICA METROPOLITANA DE BARCELONA\" \/>\n<meta property=\"og:description\" content=\"La Catedral de Barcelona presenta una exposici\u00f3n sobre la producci\u00f3n de cera en la edad media &nbsp; La Catedral de Barcelona inaugura este 27 de febrero a las 19 h...\" \/>\n<meta property=\"og:url\" content=\"https:\/\/catedralbcn.org\/es\/la-catedral-de-barcelona-presenta-una-exposicion-sobre-la-produccion-de-cera-en-la-edad-media\/\" \/>\n<meta property=\"og:site_name\" content=\"SANTA ESGL\u00c9SIA CATEDRAL BAS\u00cdLICA METROPOLITANA DE BARCELONA\" \/>\n<meta property=\"article:published_time\" content=\"2024-02-22T14:52:07+00:00\" \/>\n<meta property=\"article:modified_time\" content=\"2024-03-20T14:53:24+00:00\" \/>\n<meta property=\"og:image\" content=\"https:\/\/catedralbcn.org\/wp-content\/uploads\/2024\/03\/CERA-FOTO.jpg\" \/>\n\t<meta property=\"og:image:width\" content=\"1280\" \/>\n\t<meta property=\"og:image:height\" content=\"853\" \/>\n\t<meta property=\"og:image:type\" content=\"image\/jpeg\" \/>\n<meta name=\"author\" content=\"Catedral de Barcelona\" \/>\n<meta name=\"twitter:card\" content=\"summary_large_image\" \/>\n<meta name=\"twitter:label1\" content=\"Escrito por\" \/>\n\t<meta name=\"twitter:data1\" content=\"Catedral de Barcelona\" \/>\n\t<meta name=\"twitter:label2\" content=\"Tiempo de lectura\" \/>\n\t<meta name=\"twitter:data2\" content=\"2 minutos\" \/>\n<script type=\"application\/ld+json\" class=\"yoast-schema-graph\">{\"@context\":\"https:\\\/\\\/schema.org\",\"@graph\":[{\"@type\":\"Article\",\"@id\":\"https:\\\/\\\/catedralbcn.org\\\/es\\\/la-catedral-de-barcelona-presenta-una-exposicion-sobre-la-produccion-de-cera-en-la-edad-media\\\/#article\",\"isPartOf\":{\"@id\":\"https:\\\/\\\/catedralbcn.org\\\/es\\\/la-catedral-de-barcelona-presenta-una-exposicion-sobre-la-produccion-de-cera-en-la-edad-media\\\/\"},\"author\":{\"name\":\"Catedral de Barcelona\",\"@id\":\"https:\\\/\\\/catedralbcn.org\\\/es\\\/#\\\/schema\\\/person\\\/5bf99d49bb5301f1d80378f07471f188\"},\"headline\":\"La Catedral de Barcelona presenta una exposici\u00f3n sobre la producci\u00f3n de cera en la edad media\",\"datePublished\":\"2024-02-22T14:52:07+00:00\",\"dateModified\":\"2024-03-20T14:53:24+00:00\",\"mainEntityOfPage\":{\"@id\":\"https:\\\/\\\/catedralbcn.org\\\/es\\\/la-catedral-de-barcelona-presenta-una-exposicion-sobre-la-produccion-de-cera-en-la-edad-media\\\/\"},\"wordCount\":361,\"image\":{\"@id\":\"https:\\\/\\\/catedralbcn.org\\\/es\\\/la-catedral-de-barcelona-presenta-una-exposicion-sobre-la-produccion-de-cera-en-la-edad-media\\\/#primaryimage\"},\"thumbnailUrl\":\"https:\\\/\\\/catedralbcn.org\\\/wp-content\\\/uploads\\\/2024\\\/03\\\/CERA-FOTO.jpg\",\"articleSection\":[\"Comunicaci\u00f3n\"],\"inLanguage\":\"es\"},{\"@type\":\"WebPage\",\"@id\":\"https:\\\/\\\/catedralbcn.org\\\/es\\\/la-catedral-de-barcelona-presenta-una-exposicion-sobre-la-produccion-de-cera-en-la-edad-media\\\/\",\"url\":\"https:\\\/\\\/catedralbcn.org\\\/es\\\/la-catedral-de-barcelona-presenta-una-exposicion-sobre-la-produccion-de-cera-en-la-edad-media\\\/\",\"name\":\"La Catedral de Barcelona presenta una exposici\u00f3n sobre la producci\u00f3n de cera en la edad media - SANTA ESGL\u00c9SIA CATEDRAL BAS\u00cdLICA METROPOLITANA DE BARCELONA\",\"isPartOf\":{\"@id\":\"https:\\\/\\\/catedralbcn.org\\\/es\\\/#website\"},\"primaryImageOfPage\":{\"@id\":\"https:\\\/\\\/catedralbcn.org\\\/es\\\/la-catedral-de-barcelona-presenta-una-exposicion-sobre-la-produccion-de-cera-en-la-edad-media\\\/#primaryimage\"},\"image\":{\"@id\":\"https:\\\/\\\/catedralbcn.org\\\/es\\\/la-catedral-de-barcelona-presenta-una-exposicion-sobre-la-produccion-de-cera-en-la-edad-media\\\/#primaryimage\"},\"thumbnailUrl\":\"https:\\\/\\\/catedralbcn.org\\\/wp-content\\\/uploads\\\/2024\\\/03\\\/CERA-FOTO.jpg\",\"datePublished\":\"2024-02-22T14:52:07+00:00\",\"dateModified\":\"2024-03-20T14:53:24+00:00\",\"author\":{\"@id\":\"https:\\\/\\\/catedralbcn.org\\\/es\\\/#\\\/schema\\\/person\\\/5bf99d49bb5301f1d80378f07471f188\"},\"breadcrumb\":{\"@id\":\"https:\\\/\\\/catedralbcn.org\\\/es\\\/la-catedral-de-barcelona-presenta-una-exposicion-sobre-la-produccion-de-cera-en-la-edad-media\\\/#breadcrumb\"},\"inLanguage\":\"es\",\"potentialAction\":[{\"@type\":\"ReadAction\",\"target\":[\"https:\\\/\\\/catedralbcn.org\\\/es\\\/la-catedral-de-barcelona-presenta-una-exposicion-sobre-la-produccion-de-cera-en-la-edad-media\\\/\"]}]},{\"@type\":\"ImageObject\",\"inLanguage\":\"es\",\"@id\":\"https:\\\/\\\/catedralbcn.org\\\/es\\\/la-catedral-de-barcelona-presenta-una-exposicion-sobre-la-produccion-de-cera-en-la-edad-media\\\/#primaryimage\",\"url\":\"https:\\\/\\\/catedralbcn.org\\\/wp-content\\\/uploads\\\/2024\\\/03\\\/CERA-FOTO.jpg\",\"contentUrl\":\"https:\\\/\\\/catedralbcn.org\\\/wp-content\\\/uploads\\\/2024\\\/03\\\/CERA-FOTO.jpg\",\"width\":1280,\"height\":853},{\"@type\":\"BreadcrumbList\",\"@id\":\"https:\\\/\\\/catedralbcn.org\\\/es\\\/la-catedral-de-barcelona-presenta-una-exposicion-sobre-la-produccion-de-cera-en-la-edad-media\\\/#breadcrumb\",\"itemListElement\":[{\"@type\":\"ListItem\",\"position\":1,\"name\":\"Inicio\",\"item\":\"https:\\\/\\\/catedralbcn.org\\\/es\\\/\"},{\"@type\":\"ListItem\",\"position\":2,\"name\":\"La Catedral de Barcelona presenta una exposici\u00f3n sobre la producci\u00f3n de cera en la edad media\"}]},{\"@type\":\"WebSite\",\"@id\":\"https:\\\/\\\/catedralbcn.org\\\/es\\\/#website\",\"url\":\"https:\\\/\\\/catedralbcn.org\\\/es\\\/\",\"name\":\"SANTA ESGL\u00c9SIA CATEDRAL BAS\u00cdLICA METROPOLITANA DE BARCELONA\",\"description\":\"Catedral de Barcelona\",\"potentialAction\":[{\"@type\":\"SearchAction\",\"target\":{\"@type\":\"EntryPoint\",\"urlTemplate\":\"https:\\\/\\\/catedralbcn.org\\\/es\\\/?s={search_term_string}\"},\"query-input\":{\"@type\":\"PropertyValueSpecification\",\"valueRequired\":true,\"valueName\":\"search_term_string\"}}],\"inLanguage\":\"es\"},{\"@type\":\"Person\",\"@id\":\"https:\\\/\\\/catedralbcn.org\\\/es\\\/#\\\/schema\\\/person\\\/5bf99d49bb5301f1d80378f07471f188\",\"name\":\"Catedral de Barcelona\",\"image\":{\"@type\":\"ImageObject\",\"inLanguage\":\"es\",\"@id\":\"https:\\\/\\\/catedralbcn.org\\\/wp-content\\\/litespeed\\\/avatar\\\/7054f04e13d5379cf3f2632deb8b9a21.jpg?ver=1776941678\",\"url\":\"https:\\\/\\\/catedralbcn.org\\\/wp-content\\\/litespeed\\\/avatar\\\/7054f04e13d5379cf3f2632deb8b9a21.jpg?ver=1776941678\",\"contentUrl\":\"https:\\\/\\\/catedralbcn.org\\\/wp-content\\\/litespeed\\\/avatar\\\/7054f04e13d5379cf3f2632deb8b9a21.jpg?ver=1776941678\",\"caption\":\"Catedral de Barcelona\"},\"url\":\"https:\\\/\\\/catedralbcn.org\\\/es\\\/author\\\/secretariacatedralbcn-org\\\/\"}]}<\/script>\n<!-- \/ Yoast SEO plugin. -->","yoast_head_json":{"title":"La Catedral de Barcelona presenta una exposici\u00f3n sobre la producci\u00f3n de cera en la edad media - SANTA ESGL\u00c9SIA CATEDRAL BAS\u00cdLICA METROPOLITANA DE BARCELONA","robots":{"index":"index","follow":"follow","max-snippet":"max-snippet:-1","max-image-preview":"max-image-preview:large","max-video-preview":"max-video-preview:-1"},"canonical":"https:\/\/catedralbcn.org\/es\/la-catedral-de-barcelona-presenta-una-exposicion-sobre-la-produccion-de-cera-en-la-edad-media\/","og_locale":"es_ES","og_type":"article","og_title":"La Catedral de Barcelona presenta una exposici\u00f3n sobre la producci\u00f3n de cera en la edad media - SANTA ESGL\u00c9SIA CATEDRAL BAS\u00cdLICA METROPOLITANA DE BARCELONA","og_description":"La Catedral de Barcelona presenta una exposici\u00f3n sobre la producci\u00f3n de cera en la edad media &nbsp; La Catedral de Barcelona inaugura este 27 de febrero a las 19 h...","og_url":"https:\/\/catedralbcn.org\/es\/la-catedral-de-barcelona-presenta-una-exposicion-sobre-la-produccion-de-cera-en-la-edad-media\/","og_site_name":"SANTA ESGL\u00c9SIA CATEDRAL BAS\u00cdLICA METROPOLITANA DE BARCELONA","article_published_time":"2024-02-22T14:52:07+00:00","article_modified_time":"2024-03-20T14:53:24+00:00","og_image":[{"width":1280,"height":853,"url":"https:\/\/catedralbcn.org\/wp-content\/uploads\/2024\/03\/CERA-FOTO.jpg","type":"image\/jpeg"}],"author":"Catedral de Barcelona","twitter_card":"summary_large_image","twitter_misc":{"Escrito por":"Catedral de Barcelona","Tiempo de lectura":"2 minutos"},"schema":{"@context":"https:\/\/schema.org","@graph":[{"@type":"Article","@id":"https:\/\/catedralbcn.org\/es\/la-catedral-de-barcelona-presenta-una-exposicion-sobre-la-produccion-de-cera-en-la-edad-media\/#article","isPartOf":{"@id":"https:\/\/catedralbcn.org\/es\/la-catedral-de-barcelona-presenta-una-exposicion-sobre-la-produccion-de-cera-en-la-edad-media\/"},"author":{"name":"Catedral de Barcelona","@id":"https:\/\/catedralbcn.org\/es\/#\/schema\/person\/5bf99d49bb5301f1d80378f07471f188"},"headline":"La Catedral de Barcelona presenta una exposici\u00f3n sobre la producci\u00f3n de cera en la edad media","datePublished":"2024-02-22T14:52:07+00:00","dateModified":"2024-03-20T14:53:24+00:00","mainEntityOfPage":{"@id":"https:\/\/catedralbcn.org\/es\/la-catedral-de-barcelona-presenta-una-exposicion-sobre-la-produccion-de-cera-en-la-edad-media\/"},"wordCount":361,"image":{"@id":"https:\/\/catedralbcn.org\/es\/la-catedral-de-barcelona-presenta-una-exposicion-sobre-la-produccion-de-cera-en-la-edad-media\/#primaryimage"},"thumbnailUrl":"https:\/\/catedralbcn.org\/wp-content\/uploads\/2024\/03\/CERA-FOTO.jpg","articleSection":["Comunicaci\u00f3n"],"inLanguage":"es"},{"@type":"WebPage","@id":"https:\/\/catedralbcn.org\/es\/la-catedral-de-barcelona-presenta-una-exposicion-sobre-la-produccion-de-cera-en-la-edad-media\/","url":"https:\/\/catedralbcn.org\/es\/la-catedral-de-barcelona-presenta-una-exposicion-sobre-la-produccion-de-cera-en-la-edad-media\/","name":"La Catedral de Barcelona presenta una exposici\u00f3n sobre la producci\u00f3n de cera en la edad media - SANTA ESGL\u00c9SIA CATEDRAL BAS\u00cdLICA METROPOLITANA DE BARCELONA","isPartOf":{"@id":"https:\/\/catedralbcn.org\/es\/#website"},"primaryImageOfPage":{"@id":"https:\/\/catedralbcn.org\/es\/la-catedral-de-barcelona-presenta-una-exposicion-sobre-la-produccion-de-cera-en-la-edad-media\/#primaryimage"},"image":{"@id":"https:\/\/catedralbcn.org\/es\/la-catedral-de-barcelona-presenta-una-exposicion-sobre-la-produccion-de-cera-en-la-edad-media\/#primaryimage"},"thumbnailUrl":"https:\/\/catedralbcn.org\/wp-content\/uploads\/2024\/03\/CERA-FOTO.jpg","datePublished":"2024-02-22T14:52:07+00:00","dateModified":"2024-03-20T14:53:24+00:00","author":{"@id":"https:\/\/catedralbcn.org\/es\/#\/schema\/person\/5bf99d49bb5301f1d80378f07471f188"},"breadcrumb":{"@id":"https:\/\/catedralbcn.org\/es\/la-catedral-de-barcelona-presenta-una-exposicion-sobre-la-produccion-de-cera-en-la-edad-media\/#breadcrumb"},"inLanguage":"es","potentialAction":[{"@type":"ReadAction","target":["https:\/\/catedralbcn.org\/es\/la-catedral-de-barcelona-presenta-una-exposicion-sobre-la-produccion-de-cera-en-la-edad-media\/"]}]},{"@type":"ImageObject","inLanguage":"es","@id":"https:\/\/catedralbcn.org\/es\/la-catedral-de-barcelona-presenta-una-exposicion-sobre-la-produccion-de-cera-en-la-edad-media\/#primaryimage","url":"https:\/\/catedralbcn.org\/wp-content\/uploads\/2024\/03\/CERA-FOTO.jpg","contentUrl":"https:\/\/catedralbcn.org\/wp-content\/uploads\/2024\/03\/CERA-FOTO.jpg","width":1280,"height":853},{"@type":"BreadcrumbList","@id":"https:\/\/catedralbcn.org\/es\/la-catedral-de-barcelona-presenta-una-exposicion-sobre-la-produccion-de-cera-en-la-edad-media\/#breadcrumb","itemListElement":[{"@type":"ListItem","position":1,"name":"Inicio","item":"https:\/\/catedralbcn.org\/es\/"},{"@type":"ListItem","position":2,"name":"La Catedral de Barcelona presenta una exposici\u00f3n sobre la producci\u00f3n de cera en la edad media"}]},{"@type":"WebSite","@id":"https:\/\/catedralbcn.org\/es\/#website","url":"https:\/\/catedralbcn.org\/es\/","name":"SANTA ESGL\u00c9SIA CATEDRAL BAS\u00cdLICA METROPOLITANA DE BARCELONA","description":"Catedral de Barcelona","potentialAction":[{"@type":"SearchAction","target":{"@type":"EntryPoint","urlTemplate":"https:\/\/catedralbcn.org\/es\/?s={search_term_string}"},"query-input":{"@type":"PropertyValueSpecification","valueRequired":true,"valueName":"search_term_string"}}],"inLanguage":"es"},{"@type":"Person","@id":"https:\/\/catedralbcn.org\/es\/#\/schema\/person\/5bf99d49bb5301f1d80378f07471f188","name":"Catedral de Barcelona","image":{"@type":"ImageObject","inLanguage":"es","@id":"https:\/\/catedralbcn.org\/wp-content\/litespeed\/avatar\/7054f04e13d5379cf3f2632deb8b9a21.jpg?ver=1776941678","url":"https:\/\/catedralbcn.org\/wp-content\/litespeed\/avatar\/7054f04e13d5379cf3f2632deb8b9a21.jpg?ver=1776941678","contentUrl":"https:\/\/catedralbcn.org\/wp-content\/litespeed\/avatar\/7054f04e13d5379cf3f2632deb8b9a21.jpg?ver=1776941678","caption":"Catedral de Barcelona"},"url":"https:\/\/catedralbcn.org\/es\/author\/secretariacatedralbcn-org\/"}]}},"_links":{"self":[{"href":"https:\/\/catedralbcn.org\/es\/wp-json\/wp\/v2\/posts\/8360","targetHints":{"allow":["GET"]}}],"collection":[{"href":"https:\/\/catedralbcn.org\/es\/wp-json\/wp\/v2\/posts"}],"about":[{"href":"https:\/\/catedralbcn.org\/es\/wp-json\/wp\/v2\/types\/post"}],"author":[{"embeddable":true,"href":"https:\/\/catedralbcn.org\/es\/wp-json\/wp\/v2\/users\/3"}],"replies":[{"embeddable":true,"href":"https:\/\/catedralbcn.org\/es\/wp-json\/wp\/v2\/comments?post=8360"}],"version-history":[{"count":0,"href":"https:\/\/catedralbcn.org\/es\/wp-json\/wp\/v2\/posts\/8360\/revisions"}],"wp:featuredmedia":[{"embeddable":true,"href":"https:\/\/catedralbcn.org\/es\/wp-json\/wp\/v2\/media\/8358"}],"wp:attachment":[{"href":"https:\/\/catedralbcn.org\/es\/wp-json\/wp\/v2\/media?parent=8360"}],"wp:term":[{"taxonomy":"category","embeddable":true,"href":"https:\/\/catedralbcn.org\/es\/wp-json\/wp\/v2\/categories?post=8360"},{"taxonomy":"post_tag","embeddable":true,"href":"https:\/\/catedralbcn.org\/es\/wp-json\/wp\/v2\/tags?post=8360"}],"curies":[{"name":"wp","href":"https:\/\/api.w.org\/{rel}","templated":true}]}}