{"id":8362,"date":"2024-03-04T11:56:44","date_gmt":"2024-03-04T10:56:44","guid":{"rendered":"https:\/\/catedralbcn.org\/?p=8362"},"modified":"2024-03-21T12:07:30","modified_gmt":"2024-03-21T11:07:30","slug":"la-catedral-de-barcelona-recupera-la-musica-de-la-epoca-del-rey-marti-para-sant-oleguer","status":"publish","type":"post","link":"https:\/\/catedralbcn.org\/es\/la-catedral-de-barcelona-recupera-la-musica-de-la-epoca-del-rey-marti-para-sant-oleguer\/","title":{"rendered":"La Catedral de Barcelona recupera la m\u00fasica de la \u00e9poca del rey Mart\u00ed para Sant Oleguer"},"content":{"rendered":"<h2>La Catedral de Barcelona recupera la m\u00fasica de la \u00e9poca del rey Mart\u00ed para Sant Oleguer<\/h2>\n<p>El mi\u00e9rcoles 6 de marzo, con motivo de la fiesta de Sant Oleguer, la Catedral de Barcelona acoge una representaci\u00f3n \u00fanica a cargo del Cor Francesc Valls. Se trata de la interpretaci\u00f3n de la Misa de Barcelona, un ciclo polif\u00f3nico completo de misa del siglo XIV del que s\u00f3lo se conservan seis en el mundo. Tendr\u00e1 lugar dentro de la Misa Conventual que se celebrar\u00e1 despu\u00e9s de la oraci\u00f3n de V\u00edsperas, a las 19:15 h, en la capilla del Santo Cristo de Lepanto, donde se encuentra la sepultura con el cuerpo incorrupto de Sant Oleguer, obispo de Barcelona y arzobispo de Tarragona.<\/p>\n<p><strong>Una obra en un contexto de esplendor musical<\/strong><\/p>\n<p>La Misa de Barcelona proviene de un contexto de gran esplendor musical, promovido por los reyes Juan I y Mart\u00edn el Humano. Gracias a este impulso musical de ambos monarcas se aument\u00f3 enormemente la capilla de m\u00fasica, lo que convirti\u00f3 a Barcelona en un punto de atracci\u00f3n de maestros e int\u00e9rpretes de toda Europa y en un centro cultural de primer orden.<\/p>\n<p>Interpretando esta partitura, la Catedral de Barcelona recupera para su culto una tradici\u00f3n que forma parte del patrimonio inmaterial art\u00edstico. En su momento tuvo un papel destacado en la religiosidad de la ciudad y, de este modo, se devuelve la obra al territorio lit\u00fargico, el lugar que le corresponde. Un cuarteto del Coro Francesc Valls ser\u00e1 el encargado de interpretar la Misa, junto con otros motetes de la misma \u00e9poca y estilo.<\/p>\n<p>La Misa de Barcelona fue compuesta por m\u00fasicos de la corte pontificia de Avi\u00f1\u00f3n hacia el a\u00f1o 1340, y descubierta en 1925 por Higini Angl\u00e8s. Ha sido publicada modernamente por Maricarmen G\u00f3mez-Muntan\u00e9, music\u00f3loga especializada en el repertorio medieval europeo y en el del Renacimiento espa\u00f1ol, que, antes de iniciar la Misa Conventual, har\u00e1 una breve explicaci\u00f3n para poner en contexto la obra.<\/p>\n<p>&nbsp;<\/p>\n","protected":false},"excerpt":{"rendered":"<p>La Catedral de Barcelona recupera la m\u00fasica de la \u00e9poca del rey Mart\u00ed para Sant Oleguer El mi\u00e9rcoles 6 de marzo, con motivo de la fiesta de Sant Oleguer, la&#8230;<\/p>\n","protected":false},"author":3,"featured_media":8370,"comment_status":"closed","ping_status":"closed","sticky":false,"template":"","format":"standard","meta":{"xn-wppe-expiration":[],"xn-wppe-expiration-action":[],"xn-wppe-expiration-prefix":[],"footnotes":"","_links_to":"","_links_to_target":""},"categories":[2384],"tags":[],"class_list":{"0":"post-8362","1":"post","2":"type-post","3":"status-publish","4":"format-standard","5":"has-post-thumbnail","7":"category-comunicacion"},"yoast_head":"<!-- This site is optimized with the Yoast SEO plugin v27.3 - https:\/\/yoast.com\/product\/yoast-seo-wordpress\/ -->\n<title>La Catedral de Barcelona recupera la m\u00fasica de la \u00e9poca del rey Mart\u00ed para Sant Oleguer - SANTA ESGL\u00c9SIA CATEDRAL BAS\u00cdLICA METROPOLITANA DE BARCELONA<\/title>\n<meta name=\"robots\" content=\"index, follow, max-snippet:-1, max-image-preview:large, max-video-preview:-1\" \/>\n<link rel=\"canonical\" href=\"https:\/\/catedralbcn.org\/es\/la-catedral-de-barcelona-recupera-la-musica-de-la-epoca-del-rey-marti-para-sant-oleguer\/\" \/>\n<meta property=\"og:locale\" content=\"es_ES\" \/>\n<meta property=\"og:type\" content=\"article\" \/>\n<meta property=\"og:title\" content=\"La Catedral de Barcelona recupera la m\u00fasica de la \u00e9poca del rey Mart\u00ed para Sant Oleguer - SANTA ESGL\u00c9SIA CATEDRAL BAS\u00cdLICA METROPOLITANA DE BARCELONA\" \/>\n<meta property=\"og:description\" content=\"La Catedral de Barcelona recupera la m\u00fasica de la \u00e9poca del rey Mart\u00ed para Sant Oleguer El mi\u00e9rcoles 6 de marzo, con motivo de la fiesta de Sant Oleguer, la...\" \/>\n<meta property=\"og:url\" content=\"https:\/\/catedralbcn.org\/es\/la-catedral-de-barcelona-recupera-la-musica-de-la-epoca-del-rey-marti-para-sant-oleguer\/\" \/>\n<meta property=\"og:site_name\" content=\"SANTA ESGL\u00c9SIA CATEDRAL BAS\u00cdLICA METROPOLITANA DE BARCELONA\" \/>\n<meta property=\"article:published_time\" content=\"2024-03-04T10:56:44+00:00\" \/>\n<meta property=\"article:modified_time\" content=\"2024-03-21T11:07:30+00:00\" \/>\n<meta property=\"og:image\" content=\"https:\/\/catedralbcn.org\/wp-content\/uploads\/2024\/03\/santoleguer.jpg\" \/>\n\t<meta property=\"og:image:width\" content=\"1280\" \/>\n\t<meta property=\"og:image:height\" content=\"853\" \/>\n\t<meta property=\"og:image:type\" content=\"image\/jpeg\" \/>\n<meta name=\"author\" content=\"Catedral de Barcelona\" \/>\n<meta name=\"twitter:card\" content=\"summary_large_image\" \/>\n<meta name=\"twitter:label1\" content=\"Escrito por\" \/>\n\t<meta name=\"twitter:data1\" content=\"Catedral de Barcelona\" \/>\n\t<meta name=\"twitter:label2\" content=\"Tiempo de lectura\" \/>\n\t<meta name=\"twitter:data2\" content=\"2 minutos\" \/>\n<script type=\"application\/ld+json\" class=\"yoast-schema-graph\">{\"@context\":\"https:\\\/\\\/schema.org\",\"@graph\":[{\"@type\":\"Article\",\"@id\":\"https:\\\/\\\/catedralbcn.org\\\/es\\\/la-catedral-de-barcelona-recupera-la-musica-de-la-epoca-del-rey-marti-para-sant-oleguer\\\/#article\",\"isPartOf\":{\"@id\":\"https:\\\/\\\/catedralbcn.org\\\/es\\\/la-catedral-de-barcelona-recupera-la-musica-de-la-epoca-del-rey-marti-para-sant-oleguer\\\/\"},\"author\":{\"name\":\"Catedral de Barcelona\",\"@id\":\"https:\\\/\\\/catedralbcn.org\\\/es\\\/#\\\/schema\\\/person\\\/5bf99d49bb5301f1d80378f07471f188\"},\"headline\":\"La Catedral de Barcelona recupera la m\u00fasica de la \u00e9poca del rey Mart\u00ed para Sant Oleguer\",\"datePublished\":\"2024-03-04T10:56:44+00:00\",\"dateModified\":\"2024-03-21T11:07:30+00:00\",\"mainEntityOfPage\":{\"@id\":\"https:\\\/\\\/catedralbcn.org\\\/es\\\/la-catedral-de-barcelona-recupera-la-musica-de-la-epoca-del-rey-marti-para-sant-oleguer\\\/\"},\"wordCount\":360,\"image\":{\"@id\":\"https:\\\/\\\/catedralbcn.org\\\/es\\\/la-catedral-de-barcelona-recupera-la-musica-de-la-epoca-del-rey-marti-para-sant-oleguer\\\/#primaryimage\"},\"thumbnailUrl\":\"https:\\\/\\\/catedralbcn.org\\\/wp-content\\\/uploads\\\/2024\\\/03\\\/santoleguer.jpg\",\"articleSection\":[\"Comunicaci\u00f3n\"],\"inLanguage\":\"es\"},{\"@type\":\"WebPage\",\"@id\":\"https:\\\/\\\/catedralbcn.org\\\/es\\\/la-catedral-de-barcelona-recupera-la-musica-de-la-epoca-del-rey-marti-para-sant-oleguer\\\/\",\"url\":\"https:\\\/\\\/catedralbcn.org\\\/es\\\/la-catedral-de-barcelona-recupera-la-musica-de-la-epoca-del-rey-marti-para-sant-oleguer\\\/\",\"name\":\"La Catedral de Barcelona recupera la m\u00fasica de la \u00e9poca del rey Mart\u00ed para Sant Oleguer - SANTA ESGL\u00c9SIA CATEDRAL BAS\u00cdLICA METROPOLITANA DE BARCELONA\",\"isPartOf\":{\"@id\":\"https:\\\/\\\/catedralbcn.org\\\/es\\\/#website\"},\"primaryImageOfPage\":{\"@id\":\"https:\\\/\\\/catedralbcn.org\\\/es\\\/la-catedral-de-barcelona-recupera-la-musica-de-la-epoca-del-rey-marti-para-sant-oleguer\\\/#primaryimage\"},\"image\":{\"@id\":\"https:\\\/\\\/catedralbcn.org\\\/es\\\/la-catedral-de-barcelona-recupera-la-musica-de-la-epoca-del-rey-marti-para-sant-oleguer\\\/#primaryimage\"},\"thumbnailUrl\":\"https:\\\/\\\/catedralbcn.org\\\/wp-content\\\/uploads\\\/2024\\\/03\\\/santoleguer.jpg\",\"datePublished\":\"2024-03-04T10:56:44+00:00\",\"dateModified\":\"2024-03-21T11:07:30+00:00\",\"author\":{\"@id\":\"https:\\\/\\\/catedralbcn.org\\\/es\\\/#\\\/schema\\\/person\\\/5bf99d49bb5301f1d80378f07471f188\"},\"breadcrumb\":{\"@id\":\"https:\\\/\\\/catedralbcn.org\\\/es\\\/la-catedral-de-barcelona-recupera-la-musica-de-la-epoca-del-rey-marti-para-sant-oleguer\\\/#breadcrumb\"},\"inLanguage\":\"es\",\"potentialAction\":[{\"@type\":\"ReadAction\",\"target\":[\"https:\\\/\\\/catedralbcn.org\\\/es\\\/la-catedral-de-barcelona-recupera-la-musica-de-la-epoca-del-rey-marti-para-sant-oleguer\\\/\"]}]},{\"@type\":\"ImageObject\",\"inLanguage\":\"es\",\"@id\":\"https:\\\/\\\/catedralbcn.org\\\/es\\\/la-catedral-de-barcelona-recupera-la-musica-de-la-epoca-del-rey-marti-para-sant-oleguer\\\/#primaryimage\",\"url\":\"https:\\\/\\\/catedralbcn.org\\\/wp-content\\\/uploads\\\/2024\\\/03\\\/santoleguer.jpg\",\"contentUrl\":\"https:\\\/\\\/catedralbcn.org\\\/wp-content\\\/uploads\\\/2024\\\/03\\\/santoleguer.jpg\",\"width\":1280,\"height\":853},{\"@type\":\"BreadcrumbList\",\"@id\":\"https:\\\/\\\/catedralbcn.org\\\/es\\\/la-catedral-de-barcelona-recupera-la-musica-de-la-epoca-del-rey-marti-para-sant-oleguer\\\/#breadcrumb\",\"itemListElement\":[{\"@type\":\"ListItem\",\"position\":1,\"name\":\"Inicio\",\"item\":\"https:\\\/\\\/catedralbcn.org\\\/es\\\/\"},{\"@type\":\"ListItem\",\"position\":2,\"name\":\"La Catedral de Barcelona recupera la m\u00fasica de la \u00e9poca del rey Mart\u00ed para Sant Oleguer\"}]},{\"@type\":\"WebSite\",\"@id\":\"https:\\\/\\\/catedralbcn.org\\\/es\\\/#website\",\"url\":\"https:\\\/\\\/catedralbcn.org\\\/es\\\/\",\"name\":\"SANTA ESGL\u00c9SIA CATEDRAL BAS\u00cdLICA METROPOLITANA DE BARCELONA\",\"description\":\"Catedral de Barcelona\",\"potentialAction\":[{\"@type\":\"SearchAction\",\"target\":{\"@type\":\"EntryPoint\",\"urlTemplate\":\"https:\\\/\\\/catedralbcn.org\\\/es\\\/?s={search_term_string}\"},\"query-input\":{\"@type\":\"PropertyValueSpecification\",\"valueRequired\":true,\"valueName\":\"search_term_string\"}}],\"inLanguage\":\"es\"},{\"@type\":\"Person\",\"@id\":\"https:\\\/\\\/catedralbcn.org\\\/es\\\/#\\\/schema\\\/person\\\/5bf99d49bb5301f1d80378f07471f188\",\"name\":\"Catedral de Barcelona\",\"image\":{\"@type\":\"ImageObject\",\"inLanguage\":\"es\",\"@id\":\"https:\\\/\\\/catedralbcn.org\\\/wp-content\\\/litespeed\\\/avatar\\\/7054f04e13d5379cf3f2632deb8b9a21.jpg?ver=1776941678\",\"url\":\"https:\\\/\\\/catedralbcn.org\\\/wp-content\\\/litespeed\\\/avatar\\\/7054f04e13d5379cf3f2632deb8b9a21.jpg?ver=1776941678\",\"contentUrl\":\"https:\\\/\\\/catedralbcn.org\\\/wp-content\\\/litespeed\\\/avatar\\\/7054f04e13d5379cf3f2632deb8b9a21.jpg?ver=1776941678\",\"caption\":\"Catedral de Barcelona\"},\"url\":\"https:\\\/\\\/catedralbcn.org\\\/es\\\/author\\\/secretariacatedralbcn-org\\\/\"}]}<\/script>\n<!-- \/ Yoast SEO plugin. -->","yoast_head_json":{"title":"La Catedral de Barcelona recupera la m\u00fasica de la \u00e9poca del rey Mart\u00ed para Sant Oleguer - SANTA ESGL\u00c9SIA CATEDRAL BAS\u00cdLICA METROPOLITANA DE BARCELONA","robots":{"index":"index","follow":"follow","max-snippet":"max-snippet:-1","max-image-preview":"max-image-preview:large","max-video-preview":"max-video-preview:-1"},"canonical":"https:\/\/catedralbcn.org\/es\/la-catedral-de-barcelona-recupera-la-musica-de-la-epoca-del-rey-marti-para-sant-oleguer\/","og_locale":"es_ES","og_type":"article","og_title":"La Catedral de Barcelona recupera la m\u00fasica de la \u00e9poca del rey Mart\u00ed para Sant Oleguer - SANTA ESGL\u00c9SIA CATEDRAL BAS\u00cdLICA METROPOLITANA DE BARCELONA","og_description":"La Catedral de Barcelona recupera la m\u00fasica de la \u00e9poca del rey Mart\u00ed para Sant Oleguer El mi\u00e9rcoles 6 de marzo, con motivo de la fiesta de Sant Oleguer, la...","og_url":"https:\/\/catedralbcn.org\/es\/la-catedral-de-barcelona-recupera-la-musica-de-la-epoca-del-rey-marti-para-sant-oleguer\/","og_site_name":"SANTA ESGL\u00c9SIA CATEDRAL BAS\u00cdLICA METROPOLITANA DE BARCELONA","article_published_time":"2024-03-04T10:56:44+00:00","article_modified_time":"2024-03-21T11:07:30+00:00","og_image":[{"width":1280,"height":853,"url":"https:\/\/catedralbcn.org\/wp-content\/uploads\/2024\/03\/santoleguer.jpg","type":"image\/jpeg"}],"author":"Catedral de Barcelona","twitter_card":"summary_large_image","twitter_misc":{"Escrito por":"Catedral de Barcelona","Tiempo de lectura":"2 minutos"},"schema":{"@context":"https:\/\/schema.org","@graph":[{"@type":"Article","@id":"https:\/\/catedralbcn.org\/es\/la-catedral-de-barcelona-recupera-la-musica-de-la-epoca-del-rey-marti-para-sant-oleguer\/#article","isPartOf":{"@id":"https:\/\/catedralbcn.org\/es\/la-catedral-de-barcelona-recupera-la-musica-de-la-epoca-del-rey-marti-para-sant-oleguer\/"},"author":{"name":"Catedral de Barcelona","@id":"https:\/\/catedralbcn.org\/es\/#\/schema\/person\/5bf99d49bb5301f1d80378f07471f188"},"headline":"La Catedral de Barcelona recupera la m\u00fasica de la \u00e9poca del rey Mart\u00ed para Sant Oleguer","datePublished":"2024-03-04T10:56:44+00:00","dateModified":"2024-03-21T11:07:30+00:00","mainEntityOfPage":{"@id":"https:\/\/catedralbcn.org\/es\/la-catedral-de-barcelona-recupera-la-musica-de-la-epoca-del-rey-marti-para-sant-oleguer\/"},"wordCount":360,"image":{"@id":"https:\/\/catedralbcn.org\/es\/la-catedral-de-barcelona-recupera-la-musica-de-la-epoca-del-rey-marti-para-sant-oleguer\/#primaryimage"},"thumbnailUrl":"https:\/\/catedralbcn.org\/wp-content\/uploads\/2024\/03\/santoleguer.jpg","articleSection":["Comunicaci\u00f3n"],"inLanguage":"es"},{"@type":"WebPage","@id":"https:\/\/catedralbcn.org\/es\/la-catedral-de-barcelona-recupera-la-musica-de-la-epoca-del-rey-marti-para-sant-oleguer\/","url":"https:\/\/catedralbcn.org\/es\/la-catedral-de-barcelona-recupera-la-musica-de-la-epoca-del-rey-marti-para-sant-oleguer\/","name":"La Catedral de Barcelona recupera la m\u00fasica de la \u00e9poca del rey Mart\u00ed para Sant Oleguer - SANTA ESGL\u00c9SIA CATEDRAL BAS\u00cdLICA METROPOLITANA DE BARCELONA","isPartOf":{"@id":"https:\/\/catedralbcn.org\/es\/#website"},"primaryImageOfPage":{"@id":"https:\/\/catedralbcn.org\/es\/la-catedral-de-barcelona-recupera-la-musica-de-la-epoca-del-rey-marti-para-sant-oleguer\/#primaryimage"},"image":{"@id":"https:\/\/catedralbcn.org\/es\/la-catedral-de-barcelona-recupera-la-musica-de-la-epoca-del-rey-marti-para-sant-oleguer\/#primaryimage"},"thumbnailUrl":"https:\/\/catedralbcn.org\/wp-content\/uploads\/2024\/03\/santoleguer.jpg","datePublished":"2024-03-04T10:56:44+00:00","dateModified":"2024-03-21T11:07:30+00:00","author":{"@id":"https:\/\/catedralbcn.org\/es\/#\/schema\/person\/5bf99d49bb5301f1d80378f07471f188"},"breadcrumb":{"@id":"https:\/\/catedralbcn.org\/es\/la-catedral-de-barcelona-recupera-la-musica-de-la-epoca-del-rey-marti-para-sant-oleguer\/#breadcrumb"},"inLanguage":"es","potentialAction":[{"@type":"ReadAction","target":["https:\/\/catedralbcn.org\/es\/la-catedral-de-barcelona-recupera-la-musica-de-la-epoca-del-rey-marti-para-sant-oleguer\/"]}]},{"@type":"ImageObject","inLanguage":"es","@id":"https:\/\/catedralbcn.org\/es\/la-catedral-de-barcelona-recupera-la-musica-de-la-epoca-del-rey-marti-para-sant-oleguer\/#primaryimage","url":"https:\/\/catedralbcn.org\/wp-content\/uploads\/2024\/03\/santoleguer.jpg","contentUrl":"https:\/\/catedralbcn.org\/wp-content\/uploads\/2024\/03\/santoleguer.jpg","width":1280,"height":853},{"@type":"BreadcrumbList","@id":"https:\/\/catedralbcn.org\/es\/la-catedral-de-barcelona-recupera-la-musica-de-la-epoca-del-rey-marti-para-sant-oleguer\/#breadcrumb","itemListElement":[{"@type":"ListItem","position":1,"name":"Inicio","item":"https:\/\/catedralbcn.org\/es\/"},{"@type":"ListItem","position":2,"name":"La Catedral de Barcelona recupera la m\u00fasica de la \u00e9poca del rey Mart\u00ed para Sant Oleguer"}]},{"@type":"WebSite","@id":"https:\/\/catedralbcn.org\/es\/#website","url":"https:\/\/catedralbcn.org\/es\/","name":"SANTA ESGL\u00c9SIA CATEDRAL BAS\u00cdLICA METROPOLITANA DE BARCELONA","description":"Catedral de Barcelona","potentialAction":[{"@type":"SearchAction","target":{"@type":"EntryPoint","urlTemplate":"https:\/\/catedralbcn.org\/es\/?s={search_term_string}"},"query-input":{"@type":"PropertyValueSpecification","valueRequired":true,"valueName":"search_term_string"}}],"inLanguage":"es"},{"@type":"Person","@id":"https:\/\/catedralbcn.org\/es\/#\/schema\/person\/5bf99d49bb5301f1d80378f07471f188","name":"Catedral de Barcelona","image":{"@type":"ImageObject","inLanguage":"es","@id":"https:\/\/catedralbcn.org\/wp-content\/litespeed\/avatar\/7054f04e13d5379cf3f2632deb8b9a21.jpg?ver=1776941678","url":"https:\/\/catedralbcn.org\/wp-content\/litespeed\/avatar\/7054f04e13d5379cf3f2632deb8b9a21.jpg?ver=1776941678","contentUrl":"https:\/\/catedralbcn.org\/wp-content\/litespeed\/avatar\/7054f04e13d5379cf3f2632deb8b9a21.jpg?ver=1776941678","caption":"Catedral de Barcelona"},"url":"https:\/\/catedralbcn.org\/es\/author\/secretariacatedralbcn-org\/"}]}},"_links":{"self":[{"href":"https:\/\/catedralbcn.org\/es\/wp-json\/wp\/v2\/posts\/8362","targetHints":{"allow":["GET"]}}],"collection":[{"href":"https:\/\/catedralbcn.org\/es\/wp-json\/wp\/v2\/posts"}],"about":[{"href":"https:\/\/catedralbcn.org\/es\/wp-json\/wp\/v2\/types\/post"}],"author":[{"embeddable":true,"href":"https:\/\/catedralbcn.org\/es\/wp-json\/wp\/v2\/users\/3"}],"replies":[{"embeddable":true,"href":"https:\/\/catedralbcn.org\/es\/wp-json\/wp\/v2\/comments?post=8362"}],"version-history":[{"count":0,"href":"https:\/\/catedralbcn.org\/es\/wp-json\/wp\/v2\/posts\/8362\/revisions"}],"wp:featuredmedia":[{"embeddable":true,"href":"https:\/\/catedralbcn.org\/es\/wp-json\/wp\/v2\/media\/8370"}],"wp:attachment":[{"href":"https:\/\/catedralbcn.org\/es\/wp-json\/wp\/v2\/media?parent=8362"}],"wp:term":[{"taxonomy":"category","embeddable":true,"href":"https:\/\/catedralbcn.org\/es\/wp-json\/wp\/v2\/categories?post=8362"},{"taxonomy":"post_tag","embeddable":true,"href":"https:\/\/catedralbcn.org\/es\/wp-json\/wp\/v2\/tags?post=8362"}],"curies":[{"name":"wp","href":"https:\/\/api.w.org\/{rel}","templated":true}]}}